{"id":13262,"date":"2021-04-21T12:11:40","date_gmt":"2021-04-21T15:11:40","guid":{"rendered":"https:\/\/tvc16.com\/portal\/?p=13262"},"modified":"2021-04-21T12:11:42","modified_gmt":"2021-04-21T15:11:42","slug":"sao-paulo-vacina-publico-de-65-e-66-anos-e-retoma-sistema-drive-thru","status":"publish","type":"post","link":"https:\/\/tvc16.com\/portal\/2021\/04\/21\/sao-paulo-vacina-publico-de-65-e-66-anos-e-retoma-sistema-drive-thru\/","title":{"rendered":"S\u00e3o Paulo vacina p\u00fablico de 65 e 66 anos e retoma sistema drive-thru"},"content":{"rendered":"\n<h4 class=\"wp-block-heading\">Por Ag\u00eancia Brasil &#8211; S\u00e3o Paulo<\/h4>\n\n\n\n<p>A cidade de S\u00e3o Paulo retomou nesta quarta-feira (21), feriado de Tiradentes, os 20 pontos de vacina\u00e7\u00e3o contra a covid-19 em sistema&nbsp;<em>drive-thru<\/em>. O objetivo \u00e9 imunizar, apenas em primeira dose, 205 mil pessoas com idades entre 65 e 66 anos. Os postos funcionam entre 8h e 17h.<img decoding=\"async\" src=\"https:\/\/agenciabrasil.ebc.com.br\/ebc.png?id=1407427&amp;o=node\"><img decoding=\"async\" src=\"https:\/\/agenciabrasil.ebc.com.br\/ebc.gif?id=1407427&amp;o=node\"><\/p>\n\n\n\n<p>De acordo com a prefeitura paulistana, os espa\u00e7os drive-thru s\u00e3o fechados quando 85% da vacina\u00e7\u00e3o do p\u00fablico-alvo de cada etapa s\u00e3o atingidos. A reabertura ocorre quando s\u00e3o recebidas doses para uma nova faixa et\u00e1ria.<\/p>\n\n\n\n<p>Al\u00e9m dos<em>&nbsp;drive-thrus<\/em>, \u00e9 poss\u00edvel se vacinar contra o novo coronav\u00edrus, neste feriado, nas Unidades B\u00e1sicas de Sa\u00fade (UBSs), Assist\u00eancia M\u00e9dica Ambulatorial (AMA) e UBS Integradas e postos volantes (farm\u00e1cias, igrejas, supermercados, escolas e pra\u00e7as).<\/p>\n\n\n\n<p>Para agilizar o atendimento, \u00e9 importante preencher o pr\u00e9-cadastro no&nbsp;<em>site<\/em>&nbsp;<a href=\"https:\/\/www.vacinaja.sp.gov.br\/\" target=\"_blank\" rel=\"noreferrer noopener\">www.vacinaja.sp.gov.br<\/a>. Basta inserir dados como nome completo, CPF, endere\u00e7o completo, telefone e data de nascimento.<\/p>\n\n\n\n<p>Endere\u00e7os dos postos drive-thru:<\/p>\n\n\n\n<p>Arena Corinthians<\/p>\n\n\n\n<p>Av. Miguel Ign\u00e1cio, 2.492 Curi, Port\u00e3o E4 \u2013 Itaquera<\/p>\n\n\n\n<p>Igreja Boas Novas<\/p>\n\n\n\n<p>Rua Marechal Mallet, 535 &#8211; Vila Prudente<\/p>\n\n\n\n<p>Aut\u00f3dromo de Interlagos<\/p>\n\n\n\n<p>Rua Jacinto J\u00falio, Altura Do N\u00ba 589, Port\u00e3o 9, Entrada Krf \u2013 Interlagos<\/p>\n\n\n\n<p>Clube Hebraica<\/p>\n\n\n\n<p>Rua Ibiapin\u00f3polis, 781 (parte Superior Do Clube) \u2013 Pinheiros<\/p>\n\n\n\n<p>Memorial da Am\u00e9rica Latina<\/p>\n\n\n\n<p>Rua Tagipuru, 500 (refer\u00eancia Port\u00e3o 2) \u2013 Barra Funda<\/p>\n\n\n\n<p>Est\u00e1dio do Morumbi<\/p>\n\n\n\n<p>Av. Giovanni Gronchi, 1.920 &#8211; Port\u00e3o 15 \u2013 Morumbi<\/p>\n\n\n\n<p>Complexo Esportivo Do Ibirapuera<\/p>\n\n\n\n<p>Rua Marechal Estenio Albuquerque Lima, 413<\/p>\n\n\n\n<p>Parque Villa-Lobos<\/p>\n\n\n\n<p>Av. Prof. Fonseca Rodrigues, 1.025 &#8211; Port\u00e3o 3 &#8211; Alto De Pinheiros<\/p>\n\n\n\n<p>Clube Atl\u00e9tico Monte L\u00edbano<\/p>\n\n\n\n<p>Rua do Gama, 261 &#8211; Jardim Luzit\u00e2nia<\/p>\n\n\n\n<p>Shopping Aricanduva<\/p>\n\n\n\n<p>Av. Aricanduva, 5.555, Estacionamento Auto Shopping Acesso Pelo Port\u00e3o P4 \u2013 Aricanduva<\/p>\n\n\n\n<p>Centro de Exposi\u00e7\u00f5es do Anhembi<\/p>\n\n\n\n<p>Rua Olavo Fontoura, Port\u00e3o 38 \u2013 Santana<\/p>\n\n\n\n<p>Club Athletico Paulistano<\/p>\n\n\n\n<p>Rua Honduras, 1.400 &#8211; Jardim Am\u00e9rica<\/p>\n\n\n\n<p>Shopping An\u00e1lia Franco<\/p>\n\n\n\n<p>Av. Regente Feij\u00f3, 1.739 \u2013 Tatuap\u00e9<\/p>\n\n\n\n<p>Hospital Dom Alvarenga<\/p>\n\n\n\n<p>Av. Nazar\u00e9, 1.361 \u2013 Ipiranga<\/p>\n\n\n\n<p>Shopping Interlagos<\/p>\n\n\n\n<p>Av. Interlagos, 2.255 &#8211; Estacionamento Subsolo, Port\u00e3o 5 \u2013 Interlagos<\/p>\n\n\n\n<p>Subprefeitura de M&#8217;boi Mirim<\/p>\n\n\n\n<p>Av. Guarapiranga, 1.695 \u2013 Parque Alves De Lima<\/p>\n\n\n\n<p>Subprefeitura de Itaim Paulista<\/p>\n\n\n\n<p>Av. Marechal Tito, 3.012 &#8211; Itaim Paulista<\/p>\n\n\n\n<p>Mais Shopping<\/p>\n\n\n\n<p>Rua Padre Jos\u00e9 Maria, sem n\u00famero, estacionamento G2 Mais Shopping \u2013 Santo Amaro<\/p>\n\n\n\n<p>Subprefeitura Da Penha<\/p>\n\n\n\n<p>Rua Mandu, 451 \u2013 Penha<\/p>\n\n\n\n<p>Shopping Campo Limpo<\/p>\n\n\n\n<p>Estrada do Campo Limpo, 459, Vila Prel<\/p>\n\n\n\n<p>Edi\u00e7\u00e3o: A\u00e9cio Amado<\/p>\n","protected":false},"excerpt":{"rendered":"<p>Por Ag\u00eancia Brasil &#8211; S\u00e3o Paulo A cidade de S\u00e3o Paulo retomou nesta quarta-feira (21),<\/p>\n","protected":false},"author":2,"featured_media":13263,"comment_status":"open","ping_status":"open","sticky":false,"template":"","format":"standard","meta":{"footnotes":""},"categories":[17],"tags":[],"class_list":["post-13262","post","type-post","status-publish","format-standard","has-post-thumbnail","hentry","category-outras-noticias"],"_links":{"self":[{"href":"https:\/\/tvc16.com\/portal\/wp-json\/wp\/v2\/posts\/13262","targetHints":{"allow":["GET"]}}],"collection":[{"href":"https:\/\/tvc16.com\/portal\/wp-json\/wp\/v2\/posts"}],"about":[{"href":"https:\/\/tvc16.com\/portal\/wp-json\/wp\/v2\/types\/post"}],"author":[{"embeddable":true,"href":"https:\/\/tvc16.com\/portal\/wp-json\/wp\/v2\/users\/2"}],"replies":[{"embeddable":true,"href":"https:\/\/tvc16.com\/portal\/wp-json\/wp\/v2\/comments?post=13262"}],"version-history":[{"count":1,"href":"https:\/\/tvc16.com\/portal\/wp-json\/wp\/v2\/posts\/13262\/revisions"}],"predecessor-version":[{"id":13264,"href":"https:\/\/tvc16.com\/portal\/wp-json\/wp\/v2\/posts\/13262\/revisions\/13264"}],"wp:featuredmedia":[{"embeddable":true,"href":"https:\/\/tvc16.com\/portal\/wp-json\/wp\/v2\/media\/13263"}],"wp:attachment":[{"href":"https:\/\/tvc16.com\/portal\/wp-json\/wp\/v2\/media?parent=13262"}],"wp:term":[{"taxonomy":"category","embeddable":true,"href":"https:\/\/tvc16.com\/portal\/wp-json\/wp\/v2\/categories?post=13262"},{"taxonomy":"post_tag","embeddable":true,"href":"https:\/\/tvc16.com\/portal\/wp-json\/wp\/v2\/tags?post=13262"}],"curies":[{"name":"wp","href":"https:\/\/api.w.org\/{rel}","templated":true}]}}