{"id":13266,"date":"2021-04-21T17:31:54","date_gmt":"2021-04-21T20:31:54","guid":{"rendered":"https:\/\/tvc16.com\/portal\/?p=13266"},"modified":"2021-04-21T17:31:56","modified_gmt":"2021-04-21T20:31:56","slug":"casa-de-petropolis-e-reaberta-com-exposicao-de-artistas-premiados-internacionalmente","status":"publish","type":"post","link":"https:\/\/tvc16.com\/portal\/2021\/04\/21\/casa-de-petropolis-e-reaberta-com-exposicao-de-artistas-premiados-internacionalmente\/","title":{"rendered":"Casa de Petr\u00f3polis \u00e9 reaberta com exposi\u00e7\u00e3o de artistas premiados internacionalmente"},"content":{"rendered":"\n<p><em>Mostra XIX XX XXI tem acervo de 19 pintores, escultores e fot\u00f3grafos&nbsp;<\/em><\/p>\n\n\n\n<p><em>Espa\u00e7o conta com rigoroso protocolo sanit\u00e1rio para garantir visita\u00e7\u00e3o segura<\/em><\/p>\n\n\n\n<p>Reaberta nesta quarta-feira (21), a Casa de Petr\u00f3polis Instituto de Cultura mant\u00e9m em cartaz a Exposi\u00e7\u00e3o XIX XX XXI, que re\u00fane obras de artistas consagrados no Brasil e no mundo, num encontro que trafega entre os s\u00e9culos e mistura muita beleza pelos c\u00f4modos do espa\u00e7o. A mostra tem em seu cat\u00e1logo obras de 19 pintores, escultores e fot\u00f3grafos, reunidas peloprestigiado artista pl\u00e1stico Luiz \u00c1quila, curador da exposi\u00e7\u00e3o. Para garantir a seguran\u00e7a de seus visitantes, o local conta com um rigoroso protocolo de cuidados contra \u00e0 Covid-19.&nbsp;<\/p>\n\n\n\n<p>\u201cDisponibilizamos \u00e1lcool em gel e protetores para os p\u00e9s, temos limite de visitantes dentro do espa\u00e7o por vez e mantemos um protocolo de limpeza redobrado para garantir que o espa\u00e7o esteja apto para receber os nossos visitantes. Queremos tornar a visita\u00e7\u00e3o uma experi\u00eancia completa para o usu\u00e1rio e garantir um espa\u00e7o seguro faz parte disso. A Casa est\u00e1 completamente preparada para que as pessoas conhe\u00e7am n\u00e3o apenas a sua parte externa, como tamb\u00e9m o seu interior e a Exposi\u00e7\u00e3o XXI XX XXI\u201d, explica a diretora do espa\u00e7o, a historiadora Rachel Wider.&nbsp;<\/p>\n\n\n\n<p>A mostra, que marca a reinaugura\u00e7\u00e3o da Casa de Petr\u00f3polis, mant\u00e9m um acervo plural com telas, fotografias e esculturas que provocam e encantam o p\u00fablico, cuidadosamente escolhidos pelo seu idealizador e organizador. Luiz \u00c1quila selecionou artistas consagrados no Brasil e no mundo com nomes como Beatriz Milhazes, Burle Marx, Djanira, Laura Cavalcantti, Antonia Dias Leite, Jeannete Priolli, entre outros.<\/p>\n\n\n\n<p>\u201cEssa exposi\u00e7\u00e3o \u00e9 uma viagem no tempo, do s\u00e9culo XIX ao s\u00e9culo XXI. Na pr\u00f3pria Casa existem pinturas murais e diversos retratos do s\u00e9culo XXI. E, ao mesmo tempo que o p\u00fablico \u00e9 impactado pela beleza do espa\u00e7o, trafega pelas obras de artistas da produ\u00e7\u00e3o art\u00edstica brasileira. Sem sombra de d\u00favidas \u00e9 um passeio bonito, sedutor e que agrada a todos os p\u00fablicos\u201d, destaca \u00c1quila.<br><br><strong>Conhe\u00e7a um pouco mais sobre os artistas que exp\u00f5em na casa:&nbsp;<\/strong><\/p>\n\n\n\n<p><strong>Adriano Mangiavacchi<\/strong><strong><br><\/strong>Adriano Mangiavacchi \u00e9 pintor. Estudou pintura em Roma e Mil\u00e3o. Frequenta o ateli\u00ea livre da Arma\u00e7\u00e3o. Em 1970, vem para o Brasil e em 1973 inicia curso livre de pintura de Luiz Aquila na UCP. Participa de diversas exposi\u00e7\u00f5es no Brasil e no exterior.<\/p>\n\n\n\n<p><strong>Alcides da Rocha Miranda<\/strong><\/p>\n\n\n\n<p>Arquiteto do Iphan, pintor, desenhista, professor da FAU USP, fundador da UNB juntamente com Darcy e An\u00edsio Teixeira e outros professores intelectuais. Tem obras constru\u00eddas em Bras\u00edlia, S\u00e3o Paulo, Minas Gerais e, no Rio de Janeiro, em Petr\u00f3polis, Teres\u00f3polis e Nova Friburgo.&nbsp;<\/p>\n\n\n\n<p><strong>Ana Rondon<\/strong><\/p>\n\n\n\n<p>Artista pl\u00e1stica e arte educadora. Suas obras cer\u00e2micas expressam a quest\u00e3o do corpo como tema at\u00e1vico. Experimenta novas maneiras de lidar com as argilas em acabamentos e brunimentos que exploram a sensa\u00e7\u00e3o t\u00e1ctil da pele humana.&nbsp;<\/p>\n\n\n\n<p><strong>Antonia Dias Leite<\/strong><\/p>\n\n\n\n<p>Misturando subjetividade e visceralidade t\u00e1til, suas fotos retratam um senso de interioridade enquanto confrontam quest\u00f5es coletivas como g\u00eanero, sexualidade, corpo humano, sua for\u00e7a f\u00edsica e metaf\u00f3rica, bem como sua rela\u00e7\u00e3o com a realidade de imperman\u00eancia terrena.&nbsp;<\/p>\n\n\n\n<p><strong>Athos Bulc\u00e3o<\/strong><\/p>\n\n\n\n<p>Pintor e escultor, Athos Bulc\u00e3o foi colaborador em obras do arquiteto Oscar Niemeyer e C\u00e2ndido Portinari. Realizou, entre outros, o projeto de pain\u00e9is de azulejos e vitrais para a Igreja Nossa Senhora de F\u00e1tima e para o Pal\u00e1cio do ltamaraty, em Bras\u00edlia, e relevos para o Memorial da Am\u00e9rica Latina, em S\u00e3o Paulo.&nbsp;<\/p>\n\n\n\n<p><strong>Babinski<\/strong><\/p>\n\n\n\n<p>Natural de Vars\u00f3via, na Pol\u00f4nia, Maciej Babinski chegou ao Brasil em 1953. \u00c9 gravador, ilustrador, pintor, desenhista e professor. Com diversas exposi\u00e7\u00f5es no Brasil e exterior, tamb\u00e9m atuou como professor da Escolinha de Artes no Brasil e UNB.<\/p>\n\n\n\n<p><strong>Beatriz Milhazes<\/strong><\/p>\n\n\n\n<p>\u00c9 uma importante artista pl\u00e1stica brasileira e uma das mais valorizadas na atualidade.Seu repert\u00f3rio estrutural inclui a abstra\u00e7\u00e3o geom\u00e9trica, o carnaval e o modernismo. Destaca-se internacionalmente nos EUA e Europa e integra acervos de museus como o MoMa, Guggenheim e Metropolitan em Nova York.&nbsp;<\/p>\n\n\n\n<p><strong>Bel Figueira de Mello<\/strong><\/p>\n\n\n\n<p>A artista se dedica \u00e0 cer\u00e2mica h\u00e1 anos e trabalha com o barro respeitando o tempo estipulado por ele e brincando com a beleza das cores. Para a artista, cujas colheres chamam aten\u00e7\u00e3o do p\u00fablico, esses objetivos &#8220;nos permitem recolher, reunir e distribuir&#8221;.<\/p>\n\n\n\n<p><strong>Burle Marx<\/strong><\/p>\n\n\n\n<p>Conhecido mundialmente pelos incr\u00edveis jardins, Roberto Burle Marx acumula um curr\u00edculo extenso sendo tamb\u00e9m arquiteto, desenhista, pintor, gravador, lit\u00f3grafo, escultor, tapeceiro, ceramista, designer de j\u00f3ias e decorador. Foi um dos pioneiros do jardim moderno e o mais completo artista de sua gera\u00e7\u00e3o.&nbsp;<\/p>\n\n\n\n<p><strong>Claudio Kuperman<\/strong><\/p>\n\n\n\n<p>Pintor, desenhista, escultor, gravador e professor de artes pl\u00e1sticas. Paulista, viveu em Paris na Cit\u00e9 Internacionale des Arts. No Rio de Janeiro construiu importante obra pict\u00f3rica e tamb\u00e9m foi professor no MAM-Rio e na Escola de Artes Visuais do Parque Lage.<\/p>\n\n\n\n<p><strong>Daniel Senise<\/strong><\/p>\n\n\n\n<p>Pintor e gravador. Em 1980, ingressa como aluno na Escola de Artes Visuais do Parque Lage, onde, entre 1986 e 1991, leciona no N\u00facleo de Pintura. Estuda com John Nicholson (1951) e Luiz Aquila (1943), e participa da exposi\u00e7\u00e3o Como Vai Voc\u00ea Gera\u00e7\u00e3o 80?, com extensa carreira no Brasil e no exterior.<\/p>\n\n\n\n<p><strong>Djanira<\/strong><\/p>\n\n\n\n<p>Pintora, desenhista, cartazista e gravadora. Sempre recorreu a cores vibrantes para retratar o Brasil, seus costumes, os of\u00edcios, trabalhadores e camponeses. Sua obra enraizada no Brasil, tamb\u00e9m foi reconhecida internacionalmente. Ela foi uma artista dos artistas, sempre admirada e estimulada por seus colegas modernos.<\/p>\n\n\n\n<p><strong>Jeannette Priolli<\/strong><\/p>\n\n\n\n<p>Pintora e desenhista, Jeannette Priolli, foi aluna de Bonadei, Marcelo Grassman e Darei. Exp\u00f4s no Museu de Arte de S\u00e3o Paulo em 1975 e a partir da\u00ed desenvolve carreira criativa e multifacetada. Jeannette trafega por v\u00e1rias linguagens na arte, desde obras figurativas at\u00e9 monumentais pinturas geom\u00e9tricas.&nbsp;<\/p>\n\n\n\n<p><strong>John Nicholson<\/strong><\/p>\n\n\n\n<p>John mudou-se para o Rio em 1977, depois de se graduar na Universidade de Houston e na Universidade do Texas, nos EUA. Iniciou a carreira de professor de pintura na Escola de Artes Visuais do Parque Lage em 1980, ano em que participa de diversas mostras coletivas no Rio.<\/p>\n\n\n\n<p><strong>Julia Miranda<\/strong><\/p>\n\n\n\n<p>Pintora, desenhista e ilustradora. Estudou Graffic Design em Brighton-UK. Atualmente vive em Londres e em seu ateli\u00ea usa suporte tradicional e outros como cortes de madeira, portas, len\u00e7\u00f3is e embalagens de papel. Esses materiais descartados ganham camadas de hist\u00f3rias, em processos de reapropria\u00e7\u00e3o.<br><\/p>\n\n\n\n<p><strong>Lauro Cavalcanti<\/strong><strong><br><\/strong>Arquiteto, antrop\u00f3logo e escritor, Lauro Cavalcanti escreveu v\u00e1rios livros sobre arquitetura, est\u00e9tica e sociedade, al\u00e9m de ter organizado diversas colet\u00e2neas sobre o assunto. \u00c9 conselheiro da Casa Lucio Costa e da Funda\u00e7\u00e3o Oscar Niemeyer.<br><\/p>\n\n\n\n<p><strong>Luiz Aquila<\/strong><\/p>\n\n\n\n<p>Luiz Aquila \u00e9 artista-pl\u00e1stico. Foi professor em \u00c9vora, UnB, Unesco-DF e EAV Parque Lage-RJ, da qual foi diretor. Participou de mais de duzentas exposi\u00e7\u00f5es individuais e coletivas desde 1963, como Bienal de Veneza; Bienais de SP e retrospectivas no MAM-RJ, 1992; MASP-SP, 1993; Pa\u00e7o Imperial, 2012, MNBA 2019.<br><\/p>\n\n\n\n<p><strong>Marcelo Lago<\/strong><\/p>\n\n\n\n<p>Marcelo Lago \u00e9 escultor carioca, residente em Petr\u00f3polis. Participou da ic\u00f4nica exposi\u00e7\u00e3o \u201cComo Vai Voc\u00ea Gera\u00e7\u00e3o 80?\u201d, na Escola de Artes Visuais do Parque Lage. O artista utiliza v\u00e1rios materiais para a realiza\u00e7\u00e3o de sua extensa obra, como a\u00e7o, pl\u00e1stico, e madeira, por exemplo.<br><\/p>\n\n\n\n<p><strong>Nelson Maravalhas<\/strong><\/p>\n\n\n\n<p>Nelson \u00e9 pintor, cen\u00f3grafo, figurinista, ilustrador e professor. Em seu mundo on\u00edrico, paisagens imagin\u00e1rias s\u00e3o cortadas por ve\u00edculos fant\u00e1sticos, onde animais tocam m\u00fasica e guerreiam. Maravalha j\u00e1 realizou diversas exposi\u00e7\u00f5es individuais em diferentes institui\u00e7\u00f5es e galerias no Brasil e no mundo.<\/p>\n","protected":false},"excerpt":{"rendered":"<p>Mostra XIX XX XXI tem acervo de 19 pintores, escultores e fot\u00f3grafos&nbsp; Espa\u00e7o conta com<\/p>\n","protected":false},"author":2,"featured_media":13267,"comment_status":"open","ping_status":"open","sticky":false,"template":"","format":"standard","meta":{"footnotes":""},"categories":[12],"tags":[],"class_list":["post-13266","post","type-post","status-publish","format-standard","has-post-thumbnail","hentry","category-cidade"],"_links":{"self":[{"href":"https:\/\/tvc16.com\/portal\/wp-json\/wp\/v2\/posts\/13266","targetHints":{"allow":["GET"]}}],"collection":[{"href":"https:\/\/tvc16.com\/portal\/wp-json\/wp\/v2\/posts"}],"about":[{"href":"https:\/\/tvc16.com\/portal\/wp-json\/wp\/v2\/types\/post"}],"author":[{"embeddable":true,"href":"https:\/\/tvc16.com\/portal\/wp-json\/wp\/v2\/users\/2"}],"replies":[{"embeddable":true,"href":"https:\/\/tvc16.com\/portal\/wp-json\/wp\/v2\/comments?post=13266"}],"version-history":[{"count":1,"href":"https:\/\/tvc16.com\/portal\/wp-json\/wp\/v2\/posts\/13266\/revisions"}],"predecessor-version":[{"id":13268,"href":"https:\/\/tvc16.com\/portal\/wp-json\/wp\/v2\/posts\/13266\/revisions\/13268"}],"wp:featuredmedia":[{"embeddable":true,"href":"https:\/\/tvc16.com\/portal\/wp-json\/wp\/v2\/media\/13267"}],"wp:attachment":[{"href":"https:\/\/tvc16.com\/portal\/wp-json\/wp\/v2\/media?parent=13266"}],"wp:term":[{"taxonomy":"category","embeddable":true,"href":"https:\/\/tvc16.com\/portal\/wp-json\/wp\/v2\/categories?post=13266"},{"taxonomy":"post_tag","embeddable":true,"href":"https:\/\/tvc16.com\/portal\/wp-json\/wp\/v2\/tags?post=13266"}],"curies":[{"name":"wp","href":"https:\/\/api.w.org\/{rel}","templated":true}]}}