{"id":13272,"date":"2021-04-21T17:36:32","date_gmt":"2021-04-21T20:36:32","guid":{"rendered":"https:\/\/tvc16.com\/portal\/?p=13272"},"modified":"2021-04-21T17:36:34","modified_gmt":"2021-04-21T20:36:34","slug":"estudo-sobre-variantes-indica-que-a-p1-predomina-no-estado-do-rio","status":"publish","type":"post","link":"https:\/\/tvc16.com\/portal\/2021\/04\/21\/estudo-sobre-variantes-indica-que-a-p1-predomina-no-estado-do-rio\/","title":{"rendered":"Estudo sobre variantes indica que a P1 predomina no estado do Rio"},"content":{"rendered":"\n<h3 class=\"wp-block-heading\">Pesquisa visa compreender evolu\u00e7\u00e3o e circula\u00e7\u00e3o do novo coronav\u00edrus<\/h3>\n\n\n\n<h4 class=\"wp-block-heading\">Por Cristina \u00cdndio do Brasil &#8211; Rep\u00f3rter da Ag\u00eancia Brasil &#8211; Rio de Janeiro<\/h4>\n\n\n\n<p>Amostras colhidas entre dos dias 24 a 28 de mar\u00e7o confirmaram a circula\u00e7\u00e3o das variantes P1, P2 e B.1.1.7 &#8211;&nbsp;com predomin\u00e2ncia atual da P1 &#8211;&nbsp;na pandemia da covid-19 no estado do Rio.&nbsp;<img decoding=\"async\" src=\"https:\/\/agenciabrasil.ebc.com.br\/ebc.png?id=1407440&amp;o=node\"><img decoding=\"async\" src=\"https:\/\/agenciabrasil.ebc.com.br\/ebc.gif?id=1407440&amp;o=node\"><\/p>\n\n\n\n<p>A conclus\u00e3o \u00e9 do estudo que conta com a Secretaria de Estado de Sa\u00fade do Rio de Janeiro (SES), financiado pela Funda\u00e7\u00e3o de Amparo \u00e0 Pesquisa do Estado do Rio de Janeiro (Faperj), com a aplica\u00e7\u00e3o de R$ 1,2 milh\u00e3o. O estudo tem ainda a parceria do Laborat\u00f3rio Nacional de Computa\u00e7\u00e3o Cient\u00edfica (LNCC) do Minist\u00e9rio da Ci\u00eancia, Tecnologia e Inova\u00e7\u00e3o e Comunica\u00e7\u00f5es, o Laborat\u00f3rio de Virologia Molecular da Universidade Federal do Rio de Janeiro (UFRJ), o Laborat\u00f3rio Central Noel Nutels do Rio de Janeiro (Lacen-RJ), a Funda\u00e7\u00e3o Oswaldo Cruz (Fiocruz) e a Secretaria Municipal de Sa\u00fade do Rio (SMS).<\/p>\n\n\n\n<p>Segundo a SES, o estudo do sequenciamento gen\u00e9tico para identifica\u00e7\u00e3o de novas variantes da covid-19 em circula\u00e7\u00e3o no estado do Rio foi ampliado. \u201cO estudo, que busca entender mais sobre as modifica\u00e7\u00f5es sofridas pelo Sars-CoV-2, \u00e9 um dos maiores na \u00e1rea de sequenciamento do v\u00edrus da covid-19 do pa\u00eds\u201d, afirmou a secretaria.<\/p>\n\n\n\n<p>Na primeira etapa do estudo foram utilizadas 90 amostras, mas nos pr\u00f3ximos seis meses ser\u00e3o analisadas cerca de 400 a cada 15 dias, somando ao fim 4.800 amostras.<\/p>\n\n\n\n<p>Para a subsecret\u00e1ria de Vigil\u00e2ncia em Sa\u00fade, Cl\u00e1udia Mello, o monitoramento constante \u00e9 essencial para o acompanhamento epidemiol\u00f3gico da doen\u00e7a. \u201cNeste novo sequenciamento, foi observada a r\u00e1pida substitui\u00e7\u00e3o da linhagem P.2 pela P.1, que se apresenta predominante nesta terceira onda. Tamb\u00e9m foi percebida, em casos isolados, uma muta\u00e7\u00e3o na variante P1, que ainda requer aprofundamento nos estudos, visto que n\u00e3o apresenta altera\u00e7\u00f5es epidemiol\u00f3gicas significativas\u201d, observou.<\/p>\n\n\n\n<p>O novo estudo resulta de um sequenciamento gen\u00e9tico de \u00faltima gera\u00e7\u00e3o, com dados captados em 17 munic\u00edpios de todas as regi\u00f5es do estado. Nos dados analisados neste per\u00edodo, a linhagem P1, que teve maior frequ\u00eancia, foi identificada em 94,44% das amostras, e em todas as regi\u00f5es do estado. Nas regi\u00f5es Metropolitana, Centro e Norte, a preval\u00eancia dessa variante alcan\u00e7ou 100%. J\u00e1 a P2 foi identificada nas regi\u00f5es Sul e Baixada Litor\u00e2nea, e a B.1.1.7, nas regi\u00f5es M\u00e9dio Para\u00edba e Noroeste do estado.<\/p>\n\n\n\n<p>O secret\u00e1rio de Estado de Sa\u00fade, Carlos Alberto Chaves, destacou que as \u00e1reas t\u00e9cnicas da SES t\u00eam feito acompanhamento constante de todos os dados da covid-19. \u201cAs informa\u00e7\u00f5es obtidas pelo sequenciamento gen\u00f4mico permitem ter um panorama atual da evolu\u00e7\u00e3o das variantes circulantes no estado e melhorar a\u00e7\u00f5es epidemiol\u00f3gicas, o que possibilita fortalecer as estrat\u00e9gias de combate \u00e0 pandemia, que j\u00e1 v\u00eam sendo tomadas pela secretaria\u201d, afirmou o secret\u00e1rio.<\/p>\n\n\n\n<p>De acordo com a secretaria, al\u00e9m desse estudo, h\u00e1 outros dois sequenciamentos em andamento, com amostras do estado do Rio de Janeiro, realizados pela Fiocruz e pelo Minist\u00e9rio da Sa\u00fade, que juntos, desde fevereiro, j\u00e1 analisaram 287 amostras, apresentando a preval\u00eancia da variante P1 nos sequenciamentos.<\/p>\n\n\n\n<p>Edi\u00e7\u00e3o: Pedro Ivo de Oliveira<\/p>\n","protected":false},"excerpt":{"rendered":"<p>Pesquisa visa compreender evolu\u00e7\u00e3o e circula\u00e7\u00e3o do novo coronav\u00edrus Por Cristina \u00cdndio do Brasil &#8211;<\/p>\n","protected":false},"author":2,"featured_media":13273,"comment_status":"open","ping_status":"open","sticky":false,"template":"","format":"standard","meta":{"footnotes":""},"categories":[17],"tags":[],"class_list":["post-13272","post","type-post","status-publish","format-standard","has-post-thumbnail","hentry","category-outras-noticias"],"_links":{"self":[{"href":"https:\/\/tvc16.com\/portal\/wp-json\/wp\/v2\/posts\/13272","targetHints":{"allow":["GET"]}}],"collection":[{"href":"https:\/\/tvc16.com\/portal\/wp-json\/wp\/v2\/posts"}],"about":[{"href":"https:\/\/tvc16.com\/portal\/wp-json\/wp\/v2\/types\/post"}],"author":[{"embeddable":true,"href":"https:\/\/tvc16.com\/portal\/wp-json\/wp\/v2\/users\/2"}],"replies":[{"embeddable":true,"href":"https:\/\/tvc16.com\/portal\/wp-json\/wp\/v2\/comments?post=13272"}],"version-history":[{"count":1,"href":"https:\/\/tvc16.com\/portal\/wp-json\/wp\/v2\/posts\/13272\/revisions"}],"predecessor-version":[{"id":13274,"href":"https:\/\/tvc16.com\/portal\/wp-json\/wp\/v2\/posts\/13272\/revisions\/13274"}],"wp:featuredmedia":[{"embeddable":true,"href":"https:\/\/tvc16.com\/portal\/wp-json\/wp\/v2\/media\/13273"}],"wp:attachment":[{"href":"https:\/\/tvc16.com\/portal\/wp-json\/wp\/v2\/media?parent=13272"}],"wp:term":[{"taxonomy":"category","embeddable":true,"href":"https:\/\/tvc16.com\/portal\/wp-json\/wp\/v2\/categories?post=13272"},{"taxonomy":"post_tag","embeddable":true,"href":"https:\/\/tvc16.com\/portal\/wp-json\/wp\/v2\/tags?post=13272"}],"curies":[{"name":"wp","href":"https:\/\/api.w.org\/{rel}","templated":true}]}}