{"id":13281,"date":"2021-04-21T17:38:50","date_gmt":"2021-04-21T20:38:50","guid":{"rendered":"https:\/\/tvc16.com\/portal\/?p=13281"},"modified":"2021-04-21T17:38:52","modified_gmt":"2021-04-21T20:38:52","slug":"mais-301-escolas-municipais-do-rio-voltaram-hoje-as-aulas-presenciais","status":"publish","type":"post","link":"https:\/\/tvc16.com\/portal\/2021\/04\/21\/mais-301-escolas-municipais-do-rio-voltaram-hoje-as-aulas-presenciais\/","title":{"rendered":"Mais 301 escolas municipais do Rio voltaram hoje \u00e0s aulas presenciais"},"content":{"rendered":"\n<h4 class=\"wp-block-heading\">Por Ana Cristina Campos \u2013 Rep\u00f3rter da Ag\u00eancia Brasil &#8211; Rio de Janeiro<\/h4>\n\n\n\n<p>A nova fase do ensino presencial na rede municipal de ensino do Rio de Janeiro come\u00e7ou hoje (21) com mais 301 escolas. Amanh\u00e3 (22), mais 63 escolas retomam com o ensino presencial. Com isso, a partir desta semana, a rede municipal de educa\u00e7\u00e3o do Rio ter\u00e1 783 unidades escolares com ensino presencial, contemplando todo o ensino fundamental I, da pr\u00e9-escola at\u00e9 o 6\u00ba ano carioca.<img decoding=\"async\" src=\"https:\/\/agenciabrasil.ebc.com.br\/ebc.png?id=1407438&amp;o=node\"><img decoding=\"async\" src=\"https:\/\/agenciabrasil.ebc.com.br\/ebc.gif?id=1407438&amp;o=node\"><\/p>\n\n\n\n<p>O secret\u00e1rio municipal de Educa\u00e7\u00e3o, Renan Ferreirinha, disse que a rede segue rigoroso protocolo sanit\u00e1rio, o que permite o retorno das aulas presenciais com responsabilidade. Segundo ele, com o in\u00edcio do ano letivo, foram destinados mais de R$ 18 milh\u00f5es para as unidades escolares fazerem ajustes e pequenas reformas.<\/p>\n\n\n\n<p>\u201cAntes de uma escola retomar com o ensino presencial, precisa passar por todas as adequa\u00e7\u00f5es necess\u00e1rias e, assim, ficar apta a receber alunos, professores, funcion\u00e1rios, pais e respons\u00e1veis com seguran\u00e7a\u201d, afirmou, em nota.<\/p>\n\n\n\n<p>Entre os protocolos sanit\u00e1rios estabelecidos est\u00e3o o uso de m\u00e1scara facial obrigat\u00f3rio exceto para crian\u00e7as de at\u00e9 3 anos, hor\u00e1rio escalonado de entrada, sa\u00edda e recreio dos alunos, refei\u00e7\u00f5es nas salas de aula, e distanciamento de 1,5 metro.<\/p>\n\n\n\n<p>Os estudantes e profissionais que sejam de grupo de risco para a covid-19 n\u00e3o dever\u00e3o participar das atividades presenciais.<\/p>\n\n\n\n<p>Edi\u00e7\u00e3o: A\u00e9cio Amado<\/p>\n","protected":false},"excerpt":{"rendered":"<p>Por Ana Cristina Campos \u2013 Rep\u00f3rter da Ag\u00eancia Brasil &#8211; Rio de Janeiro A nova<\/p>\n","protected":false},"author":2,"featured_media":13282,"comment_status":"open","ping_status":"open","sticky":false,"template":"","format":"standard","meta":{"footnotes":""},"categories":[17],"tags":[],"class_list":["post-13281","post","type-post","status-publish","format-standard","has-post-thumbnail","hentry","category-outras-noticias"],"_links":{"self":[{"href":"https:\/\/tvc16.com\/portal\/wp-json\/wp\/v2\/posts\/13281","targetHints":{"allow":["GET"]}}],"collection":[{"href":"https:\/\/tvc16.com\/portal\/wp-json\/wp\/v2\/posts"}],"about":[{"href":"https:\/\/tvc16.com\/portal\/wp-json\/wp\/v2\/types\/post"}],"author":[{"embeddable":true,"href":"https:\/\/tvc16.com\/portal\/wp-json\/wp\/v2\/users\/2"}],"replies":[{"embeddable":true,"href":"https:\/\/tvc16.com\/portal\/wp-json\/wp\/v2\/comments?post=13281"}],"version-history":[{"count":1,"href":"https:\/\/tvc16.com\/portal\/wp-json\/wp\/v2\/posts\/13281\/revisions"}],"predecessor-version":[{"id":13283,"href":"https:\/\/tvc16.com\/portal\/wp-json\/wp\/v2\/posts\/13281\/revisions\/13283"}],"wp:featuredmedia":[{"embeddable":true,"href":"https:\/\/tvc16.com\/portal\/wp-json\/wp\/v2\/media\/13282"}],"wp:attachment":[{"href":"https:\/\/tvc16.com\/portal\/wp-json\/wp\/v2\/media?parent=13281"}],"wp:term":[{"taxonomy":"category","embeddable":true,"href":"https:\/\/tvc16.com\/portal\/wp-json\/wp\/v2\/categories?post=13281"},{"taxonomy":"post_tag","embeddable":true,"href":"https:\/\/tvc16.com\/portal\/wp-json\/wp\/v2\/tags?post=13281"}],"curies":[{"name":"wp","href":"https:\/\/api.w.org\/{rel}","templated":true}]}}