{"id":13287,"date":"2021-04-21T17:44:36","date_gmt":"2021-04-21T20:44:36","guid":{"rendered":"https:\/\/tvc16.com\/portal\/?p=13287"},"modified":"2021-04-21T17:45:12","modified_gmt":"2021-04-21T20:45:12","slug":"opcao-para-todos-os-grupos-vacina-contra-influenza-tambem-esta-disponivel-em-clinicas-particulares","status":"publish","type":"post","link":"https:\/\/tvc16.com\/portal\/2021\/04\/21\/opcao-para-todos-os-grupos-vacina-contra-influenza-tambem-esta-disponivel-em-clinicas-particulares\/","title":{"rendered":"Op\u00e7\u00e3o para todos os grupos, vacina contra influenza tamb\u00e9m est\u00e1 dispon\u00edvel em cl\u00ednicas particulares"},"content":{"rendered":"\n<p><em>Imuniza\u00e7\u00e3o deve ser realizada anualmente, prevenindo contra os principais v\u00edrus da gripe circulantes no ano anterior<\/em><\/p>\n\n\n\n<p>Esta semana come\u00e7ou a campanha nacional de imuniza\u00e7\u00e3o contra a Gripe \u2013 Influenza 2021 em todo o pa\u00eds.\u00a0 Mais do que nunca, neste momento de pandemia que o mundo est\u00e1 vivendo, a vacina\u00e7\u00e3o deve ser priorizada. A vacina\u00e7\u00e3o \u00e9 a principal forma de preven\u00e7\u00e3o de doen\u00e7as.<\/p>\n\n\n\n<p>\u201cTemos uma semelhan\u00e7a muito grande entre os sintomas e a evolu\u00e7\u00e3o de uma gripe comum e o quadro cl\u00ednico provocado pela Covid-19. Importante estar imunizado contra influenza para que o diagn\u00f3stico seja facilitado\u201d, explica a pediatra Priscilla Feleppa Valente.<\/p>\n\n\n\n<p>A vacina da gripe previne contra os principais v\u00edrus causadores de S\u00edndrome Respirat\u00f3ria Aguda Grave, incluindo o Influenza H1N1 e o Influenza H3N2. Est\u00e1 dispon\u00edvel no SUS para grupos espec\u00edficos e nas cl\u00ednicas privadas para toda a popula\u00e7\u00e3o.&nbsp; A vacina deve ser realizada anualmente, prevenindo o indiv\u00edduo contra os principais v\u00edrus da gripe circulantes no \u00faltimo ano.<\/p>\n\n\n\n<p>\u201cAnualmente a OMS realiza estudos para identificar as principais variantes em circula\u00e7\u00e3o, contemplando ambos os hemisf\u00e9rios. Baseada nesses dados de incid\u00eancia s\u00e3o produzidas as vacinas anuais contra a gripe\u201d, complementa a m\u00e9dica.<\/p>\n\n\n\n<p>A vacina da gripe dispon\u00edvel no SUS \u00e9 trivalente, isto \u00e9, contempla tr\u00eas v\u00edrus do tipo Influenza causadores da gripe, nas cl\u00ednicas privadas a vacina oferecida \u00e9 a tetravalente, ou seja, previne para mais um tipo de v\u00edrus Influenza.<\/p>\n\n\n\n<p>Na pr\u00e1tica, a diferen\u00e7a entre a vacina aplicada pela rede particular e a disponibilizada pelo SUS \u00e9 que, enquanto a primeira previne quatro cepas do v\u00edrus, a segunda previne tr\u00eas, sendo duas do v\u00edrus Influenza A e uma do v\u00edrus Influenza B, destaca ela.<\/p>\n\n\n\n<p>Importante \u00e9 estar imunizado<\/p>\n\n\n\n<p>A m\u00e9dica explica que o importante \u00e9 se vacinar, independentemente de ser a trivalente ou tetravalente. Em rela\u00e7\u00e3o \u00e0 realiza\u00e7\u00e3o da vacina Covid-19 junto com a vacina da gripe, a pediatra afirma que ainda n\u00e3o existem estudos que investiguem os efeitos das intera\u00e7\u00f5es entre ambas vacinas. Por isso, por ora, a recomenda\u00e7\u00e3o do Minist\u00e9rio da Sa\u00fade \u00e9 que elas n\u00e3o sejam aplicadas simultaneamente, e que o intervalo m\u00ednimo, entre as vacinas seja de 14 dias.\u00a0<\/p>\n\n\n\n<p>A orienta\u00e7\u00e3o do Minist\u00e9rio da Sa\u00fade \u00e9 que, caso a data de receber as duas vacinas coincida, a vacina contra o COVID-19 seja priorizada e o paciente agende o dia de receber a da gripe com um intervalo m\u00ednimo de duas semanas. Esse agendamento fica por conta da gest\u00e3o do munic\u00edpio e, caso o paciente opte por tomar a vacina contra influenza na rede particular, ele deve informar quando foi imunizado contra a Covid-19.\u00a0<\/p>\n\n\n\n<p>Quem j\u00e1 pegou coronav\u00edrus tamb\u00e9m deve ser vacinado. Ainda n\u00e3o existem quaisquer evid\u00eancias de que o Sars-CoV-2 influencie na efic\u00e1cia ou na seguran\u00e7a da vacina contra a gripe. Se o paciente j\u00e1 se curou da Covid-19 ele pode ser, sim, imunizado contra a gripe.<\/p>\n\n\n\n<p>Fique atento \u00e0s contraindica\u00e7\u00f5es da vacina Influenza! Apenas beb\u00eas com idade inferior a seis meses e pessoas com hist\u00f3rico de choque anafil\u00e1tico ap\u00f3s receber doses da vacina contra a gripe n\u00e3o devem ser vacinados. \u00a0<\/p>\n\n\n\n<p>\u201cAqueles que apresentem alguma infec\u00e7\u00e3o aguda ou febre nos \u00faltimos dias, devem aguardar a resolu\u00e7\u00e3o do quadro antes de receber o imunizante\u201d, explica Priscilla, destacando que as doses da vacina Influenza n\u00e3o causam a gripe, uma vez que s\u00e3o produzidas a partir de v\u00edrus inativados, e que rea\u00e7\u00f5es adversas ocorrem em uma minoria dos casos.<\/p>\n","protected":false},"excerpt":{"rendered":"<p>Imuniza\u00e7\u00e3o deve ser realizada anualmente, prevenindo contra os principais v\u00edrus da gripe circulantes no ano<\/p>\n","protected":false},"author":2,"featured_media":13288,"comment_status":"open","ping_status":"open","sticky":false,"template":"","format":"standard","meta":{"footnotes":""},"categories":[12],"tags":[],"class_list":["post-13287","post","type-post","status-publish","format-standard","has-post-thumbnail","hentry","category-cidade"],"_links":{"self":[{"href":"https:\/\/tvc16.com\/portal\/wp-json\/wp\/v2\/posts\/13287","targetHints":{"allow":["GET"]}}],"collection":[{"href":"https:\/\/tvc16.com\/portal\/wp-json\/wp\/v2\/posts"}],"about":[{"href":"https:\/\/tvc16.com\/portal\/wp-json\/wp\/v2\/types\/post"}],"author":[{"embeddable":true,"href":"https:\/\/tvc16.com\/portal\/wp-json\/wp\/v2\/users\/2"}],"replies":[{"embeddable":true,"href":"https:\/\/tvc16.com\/portal\/wp-json\/wp\/v2\/comments?post=13287"}],"version-history":[{"count":1,"href":"https:\/\/tvc16.com\/portal\/wp-json\/wp\/v2\/posts\/13287\/revisions"}],"predecessor-version":[{"id":13289,"href":"https:\/\/tvc16.com\/portal\/wp-json\/wp\/v2\/posts\/13287\/revisions\/13289"}],"wp:featuredmedia":[{"embeddable":true,"href":"https:\/\/tvc16.com\/portal\/wp-json\/wp\/v2\/media\/13288"}],"wp:attachment":[{"href":"https:\/\/tvc16.com\/portal\/wp-json\/wp\/v2\/media?parent=13287"}],"wp:term":[{"taxonomy":"category","embeddable":true,"href":"https:\/\/tvc16.com\/portal\/wp-json\/wp\/v2\/categories?post=13287"},{"taxonomy":"post_tag","embeddable":true,"href":"https:\/\/tvc16.com\/portal\/wp-json\/wp\/v2\/tags?post=13287"}],"curies":[{"name":"wp","href":"https:\/\/api.w.org\/{rel}","templated":true}]}}