{"id":13290,"date":"2021-04-22T09:02:30","date_gmt":"2021-04-22T12:02:30","guid":{"rendered":"https:\/\/tvc16.com\/portal\/?p=13290"},"modified":"2021-04-22T09:02:32","modified_gmt":"2021-04-22T12:02:32","slug":"bibliotecas-municipais-voltarao-a-emprestar-livros","status":"publish","type":"post","link":"https:\/\/tvc16.com\/portal\/2021\/04\/22\/bibliotecas-municipais-voltarao-a-emprestar-livros\/","title":{"rendered":"Bibliotecas municipais voltar\u00e3o a emprestar livros"},"content":{"rendered":"\n<p>Na semana em que ser\u00e1 comemorado o Dia Mundial do Livro (23 de abril), o governo municipal confirmou que vai voltar a emprestar os exemplares dispon\u00edveis na Biblioteca Central Municipal Gabriela Mistral, no Centro de Cultura; no Centro Cultural Esta\u00e7\u00e3o de Nogueira; e na sala de leitura de Itaipava, que fica no Parque Municipal. O servi\u00e7o, paralisado desde o in\u00edcio da pandemia em mar\u00e7o de 2020, ser\u00e1 oferecido para a popula\u00e7\u00e3o \u00e0s ter\u00e7as e quintas-feiras, das 10h \u00e0s 16h. O primeiro dia de atendimento aos petropolitanos ser\u00e1 27 de abril.<\/p>\n\n\n\n<p>O objetivo da prefeitura \u00e9 ofertar mais uma atividade de lazer em meio \u00e0 pandemia \u2013 s\u00f3 no Biblioteca do Centro s\u00e3o mais de 150 mil volumes, incluindo livros acess\u00edveis (em Braille e audiolivros), peri\u00f3dicos, cartografia, jornais, cole\u00e7\u00e3o iconogr\u00e1fica, midiateca, livros infanto-juvenis, did\u00e1ticos, antigos, raros, e documentos nos mais variados suportes. Em Itaipava e Nogueira, somados, s\u00e3o quase 10 mil exemplares.<\/p>\n\n\n\n<p>\u201cA leitura \u00e9 importante para o desenvolvimento de crian\u00e7as, jovens e adultos. \u00c9 uma atividade de lazer, mas tamb\u00e9m de aprendizado. \u00c9 um est\u00edmulo \u00e0 imagina\u00e7\u00e3o, que pode contribuir muito para o bem-estar, especialmente neste per\u00edodo de pandemia\u201d, lembrou o prefeito interino Hingo Hammes.<\/p>\n\n\n\n<p>O empr\u00e9stimo de livros ser\u00e1 feito de maneira segura, seguindo todos os protocolos sanit\u00e1rios. O livro ser\u00e1 emprestado para leitura em casa.<br>O diretor-presidente do Instituto Municipal de Cultura, Leandro Kronemberger, visitou os centros de culturais da Posse (Pra\u00e7a CEU) e de Pedro do Rio nesta quarta-feira (21\/04). Ao lado da gerente do Centro de Cultura Raul de Leoni, Catarina Maul, Berg mapeou as necessidades para, assim que poss\u00edvel, retornar com as atividades e o empr\u00e9stimo de livros nestes locais.<\/p>\n\n\n\n<p>&#8220;A gente est\u00e1 trabalhando para, em breve, voltar a oferecer o empr\u00e9stimo de livros tamb\u00e9m em Pedro do Rio e na Posse. S\u00e3o espa\u00e7os importantes, que fortalecem o fomento \u00e0 cultura em nosso munic\u00edpio&#8221;, completou Berg.<\/p>\n\n\n\n<p>No centro cultural em Cascatinha, a prefeitura pretende instalar uma sala de leitura com a disponibiliza\u00e7\u00e3o de exemplares de forma gratuita. &#8220;A nossa luta \u00e9 para oferecer o melhor servi\u00e7o para a popula\u00e7\u00e3o. Al\u00e9m da exposi\u00e7\u00e3o fotogr\u00e1fica em Cascatinha, queremos formalizar uma sala de leitura, um espa\u00e7o cultural para todas as idades&#8221;, explicou Berg.<\/p>\n\n\n\n<p>\u201cOs livros, junto com outros produtos culturais, foram a enorme salva\u00e7\u00e3o da humanidade nos tempos de pandemia, embora, como escritora, possa afirmar que sempre foi a arte a grande salva\u00e7\u00e3o da humanidade em qualquer tempo&#8221;, disse Catarina Maul. &#8220;Isso prova a imortalidade e a import\u00e2ncia dos livros\u201d, completa.<\/p>\n","protected":false},"excerpt":{"rendered":"<p>Na semana em que ser\u00e1 comemorado o Dia Mundial do Livro (23 de abril), o<\/p>\n","protected":false},"author":2,"featured_media":13291,"comment_status":"open","ping_status":"open","sticky":false,"template":"","format":"standard","meta":{"footnotes":""},"categories":[12],"tags":[],"class_list":["post-13290","post","type-post","status-publish","format-standard","has-post-thumbnail","hentry","category-cidade"],"_links":{"self":[{"href":"https:\/\/tvc16.com\/portal\/wp-json\/wp\/v2\/posts\/13290","targetHints":{"allow":["GET"]}}],"collection":[{"href":"https:\/\/tvc16.com\/portal\/wp-json\/wp\/v2\/posts"}],"about":[{"href":"https:\/\/tvc16.com\/portal\/wp-json\/wp\/v2\/types\/post"}],"author":[{"embeddable":true,"href":"https:\/\/tvc16.com\/portal\/wp-json\/wp\/v2\/users\/2"}],"replies":[{"embeddable":true,"href":"https:\/\/tvc16.com\/portal\/wp-json\/wp\/v2\/comments?post=13290"}],"version-history":[{"count":1,"href":"https:\/\/tvc16.com\/portal\/wp-json\/wp\/v2\/posts\/13290\/revisions"}],"predecessor-version":[{"id":13292,"href":"https:\/\/tvc16.com\/portal\/wp-json\/wp\/v2\/posts\/13290\/revisions\/13292"}],"wp:featuredmedia":[{"embeddable":true,"href":"https:\/\/tvc16.com\/portal\/wp-json\/wp\/v2\/media\/13291"}],"wp:attachment":[{"href":"https:\/\/tvc16.com\/portal\/wp-json\/wp\/v2\/media?parent=13290"}],"wp:term":[{"taxonomy":"category","embeddable":true,"href":"https:\/\/tvc16.com\/portal\/wp-json\/wp\/v2\/categories?post=13290"},{"taxonomy":"post_tag","embeddable":true,"href":"https:\/\/tvc16.com\/portal\/wp-json\/wp\/v2\/tags?post=13290"}],"curies":[{"name":"wp","href":"https:\/\/api.w.org\/{rel}","templated":true}]}}