{"id":13293,"date":"2021-04-22T09:07:04","date_gmt":"2021-04-22T12:07:04","guid":{"rendered":"https:\/\/tvc16.com\/portal\/?p=13293"},"modified":"2021-04-22T09:08:22","modified_gmt":"2021-04-22T12:08:22","slug":"trabalhadores-da-saude-a-partir-de-45-anos-comecam-a-ser-vacinados-no-dia-29","status":"publish","type":"post","link":"https:\/\/tvc16.com\/portal\/2021\/04\/22\/trabalhadores-da-saude-a-partir-de-45-anos-comecam-a-ser-vacinados-no-dia-29\/","title":{"rendered":"Trabalhadores da Sa\u00fade a partir de 45 anos come\u00e7am a ser vacinados no dia 29"},"content":{"rendered":"\n<p>Cadastro para este p\u00fablico ser\u00e1 aberto pela Secretaria de Sa\u00fade no dia 28<\/p>\n\n\n\n<p>Dando sequ\u00eancia \u00e0 amplia\u00e7\u00e3o da vacina\u00e7\u00e3o contra a covid-19, a Secretaria de Sa\u00fade inicia no pr\u00f3ximo dia 29 a vacina\u00e7\u00e3o de trabalhadores da \u00e1rea de Sa\u00fade com mais de 45 anos. O cadastramento deste p\u00fablico ser\u00e1 aberto na pr\u00f3xima quarta-feira (28\/04). Assim como vem sendo feito com os idosos, a vacina\u00e7\u00e3o de trabalhadores da \u00e1rea de Sa\u00fade est\u00e1 sendo feita de forma escalonada por faixas et\u00e1rias, e seguir\u00e1 sendo ampliada de acordo com a chegada de novos lotes de vacinas. A vacina\u00e7\u00e3o contra a covid-19 na cidade segue os crit\u00e9rios estabelecidos no Plano Nacional de Imuniza\u00e7\u00e3o do Minist\u00e9rio da Sa\u00fade.<\/p>\n\n\n\n<p>\u201cTemos trabalhado para ampliar a vacina\u00e7\u00e3o na cidade de forma respons\u00e1vel, seguindo as orienta\u00e7\u00f5es do Minist\u00e9rio da Sa\u00fade. H\u00e1 todo um trabalho de planejamento para que seja poss\u00edvel avan\u00e7ar, simultaneamente, as a\u00e7\u00f5es para imuniza\u00e7\u00e3o dos idosos e dos trabalhadores da sa\u00fade\u201d, diz o prefeito interino Hingo Hammes, lembrando que o cadastramento tem sido um instrumento importante para que a vacina\u00e7\u00e3o ocorra de forma organizada.<\/p>\n\n\n\n<p>A prefeitura segue vacinando profissionais e trabalhadores de Sa\u00fade com mais de 50 anos, cujos agendamentos j\u00e1 tinham sido feitos no site da prefeitura. O munic\u00edpio segue ampliando tamb\u00e9m a vacina\u00e7\u00e3o de idosos, com a abertura de cadastro, nesta sexta-feira (23\/04), para pessoas a partir de 62 anos, grupo que come\u00e7a a ser vacinado no domingo.<\/p>\n\n\n\n<p>\u201cA Secretaria da Sa\u00fade tem feito todo o planejamento para que tenhamos possibilidade de ampliar o p\u00fablico de idosos, ao mesmo tempo em que damos sequ\u00eancia \u00e0 vacina\u00e7\u00e3o para os trabalhadores de sa\u00fade. A equipe do setor de Epidemiologia j\u00e1 refor\u00e7ou equipes de vacina\u00e7\u00e3o. Temos hoje 10 pontos para vacinar idosos, e um ponto exclusivo no Centro, onde os trabalhadores da Sa\u00fade tamb\u00e9m s\u00e3o vacinados\u201d, destaca o secret\u00e1rio de Sa\u00fade, Aloisio Barbosa da Silva Filho.<\/p>\n\n\n\n<p>A Secretaria de Sa\u00fade destaca que no dia da vacina\u00e7\u00e3o dever\u00e1 ser apresentado documento que comprove o exerc\u00edcio da respectiva atividade em estabelecimento de sa\u00fade.<\/p>\n","protected":false},"excerpt":{"rendered":"<p>Cadastro para este p\u00fablico ser\u00e1 aberto pela Secretaria de Sa\u00fade no dia 28 Dando sequ\u00eancia<\/p>\n","protected":false},"author":2,"featured_media":13296,"comment_status":"open","ping_status":"open","sticky":false,"template":"","format":"standard","meta":{"footnotes":""},"categories":[12],"tags":[],"class_list":["post-13293","post","type-post","status-publish","format-standard","has-post-thumbnail","hentry","category-cidade"],"_links":{"self":[{"href":"https:\/\/tvc16.com\/portal\/wp-json\/wp\/v2\/posts\/13293","targetHints":{"allow":["GET"]}}],"collection":[{"href":"https:\/\/tvc16.com\/portal\/wp-json\/wp\/v2\/posts"}],"about":[{"href":"https:\/\/tvc16.com\/portal\/wp-json\/wp\/v2\/types\/post"}],"author":[{"embeddable":true,"href":"https:\/\/tvc16.com\/portal\/wp-json\/wp\/v2\/users\/2"}],"replies":[{"embeddable":true,"href":"https:\/\/tvc16.com\/portal\/wp-json\/wp\/v2\/comments?post=13293"}],"version-history":[{"count":1,"href":"https:\/\/tvc16.com\/portal\/wp-json\/wp\/v2\/posts\/13293\/revisions"}],"predecessor-version":[{"id":13295,"href":"https:\/\/tvc16.com\/portal\/wp-json\/wp\/v2\/posts\/13293\/revisions\/13295"}],"wp:featuredmedia":[{"embeddable":true,"href":"https:\/\/tvc16.com\/portal\/wp-json\/wp\/v2\/media\/13296"}],"wp:attachment":[{"href":"https:\/\/tvc16.com\/portal\/wp-json\/wp\/v2\/media?parent=13293"}],"wp:term":[{"taxonomy":"category","embeddable":true,"href":"https:\/\/tvc16.com\/portal\/wp-json\/wp\/v2\/categories?post=13293"},{"taxonomy":"post_tag","embeddable":true,"href":"https:\/\/tvc16.com\/portal\/wp-json\/wp\/v2\/tags?post=13293"}],"curies":[{"name":"wp","href":"https:\/\/api.w.org\/{rel}","templated":true}]}}