{"id":13299,"date":"2021-04-22T09:11:59","date_gmt":"2021-04-22T12:11:59","guid":{"rendered":"https:\/\/tvc16.com\/portal\/?p=13299"},"modified":"2021-04-22T09:12:01","modified_gmt":"2021-04-22T12:12:01","slug":"covid-pmp-iniciou-vacinacao-de-idosos-a-partir-de-64-anos","status":"publish","type":"post","link":"https:\/\/tvc16.com\/portal\/2021\/04\/22\/covid-pmp-iniciou-vacinacao-de-idosos-a-partir-de-64-anos\/","title":{"rendered":"Covid: PMP iniciou vacina\u00e7\u00e3o de idosos a partir de 64 anos"},"content":{"rendered":"\n<p>A Secretaria municipal de Sa\u00fade iniciou nesta quarta-feira (21\/04) a vacina\u00e7\u00e3o contra a covid-19 para idosos a partir dos 64 anos. Neste primeiro dia, a campanha de imuniza\u00e7\u00e3o foi realizada em tr\u00eas pontos da cidade: a sede do clube Palmeira, no Itamarati; a UCP da Rua Benjamim Constant, no Centro; e o Parque Municipal, em Itaipava \u2013 os dois \u00faltimos funcionando tamb\u00e9m em sistema drive thru. Na sexta-feira (23\/04) ter\u00e1 in\u00edcio o cadastramento de idosos com mais de 62 anos. A vacina\u00e7\u00e3o deste grupo come\u00e7a no domingo (25\/04).<\/p>\n\n\n\n<p>Para receber a vacina, o idoso deve estar cadastrado junto \u00e0 Secretaria de Sa\u00fade. O agendamento \u00e9 feito no site da prefeitura (www.petropolis.rj.gov.br) ou diretamente pelo link da Secretaria de Sa\u00fade (https:\/\/smspetropolis.net.br\/vacinacaoCOVID.html). O agendamento para os idosos a partir de 60 anos ser\u00e1 aberto no dia 26 (segunda-feira) para vacina\u00e7\u00e3o a partir do dia 29.<\/p>\n\n\n\n<p>\u201cTemos ampliado as faixas et\u00e1rias a medida em que recebemos mais vacinas. O cadastramento dos idosos para a vacina\u00e7\u00e3o tem sido fundamental para o planejamento, para que o trabalho ocorra de forma organizada e sem que haja interrup\u00e7\u00f5es. Anunciamos esta semana o calend\u00e1rio para a vacina\u00e7\u00e3o de pessoas at\u00e9 60 anos e seguiremos com este planejamento, fazendo o poss\u00edvel para acelerar a aplica\u00e7\u00e3o das vacinas, mas sempre lembrando que para isso \u00e9 necess\u00e1rio o envio de mais doses pelo Minist\u00e9rio da Sa\u00fade\u201d, destaca o secret\u00e1rio de Sa\u00fade, Aloisio Barbosa da Silva Filho.<\/p>\n\n\n\n<p>No momento do cadastro, o interessado pode escolher entre 10 op\u00e7\u00f5es de pontos de vacina\u00e7\u00e3o distribu\u00eddos nos cinco distritos. Nesta quinta-feira (22.04) a vacina\u00e7\u00e3o segue sendo realizada na sede do Petropolitano Futebol Clube, no Centro; na Escola Municipal Josemar Contage, em Correas; na sede do clube Palmeira, no Itamarati; nas Unidades B\u00e1sicas de Sa\u00fade do Quitadinha e do Morin e na antiga sede do PSF na Posse. Equipes tamb\u00e9m fazem a vacina\u00e7\u00e3o em quatro pontos pelo sistema drive thru: campus da UCP da Rua Benjamin Constant, no Centro; Parque Municipal, em Itaipava; G1 do Hipershopping, no Alto da Serra; \u00e1rea externa do gin\u00e1sio da UCP, no Bingen.<\/p>\n\n\n\n<p>A Secretaria de Sa\u00fade destaca que idosos que j\u00e1 tomaram a primeira dose n\u00e3o precisam se cadastrar para receber a segunda dose. \u201cNo caso da segunda dose, basta que o idoso verifique no cart\u00e3o de vacina\u00e7\u00e3o a data marcada e retorne ao ponto onde recebeu a primeira dose\u201d, explica o secret\u00e1rio de Sa\u00fade, Aloisio Barbosa da Silva Filho, lembrando que, nesta sexta-feira (23), assim como nesta quarta (21), a vacina\u00e7\u00e3o ser\u00e1 realizada de forma diferente, com escalonamento dos postos de vacina\u00e7\u00e3o.<br>Funcionamento dos pontos de vacina\u00e7\u00e3o dia 23.<\/p>\n\n\n\n<p>Na sexta-feira (23\/04), a vacina\u00e7\u00e3o de idosos contra a covid-19 ser\u00e1 realizada das 9h \u00e0s 16h no Petropolitano Futebol Clube, no Centro; na Escola Municipal Josemar Contage, em Correas; na \u00e1rea externa do gin\u00e1sio da UCP, no Bingen e no Hipershopping, no Alto da Serra \u2013 os dois \u00faltimos pelo sistema drive thru.<\/p>\n","protected":false},"excerpt":{"rendered":"<p>A Secretaria municipal de Sa\u00fade iniciou nesta quarta-feira (21\/04) a vacina\u00e7\u00e3o contra a covid-19 para<\/p>\n","protected":false},"author":2,"featured_media":13294,"comment_status":"open","ping_status":"open","sticky":false,"template":"","format":"standard","meta":{"footnotes":""},"categories":[12],"tags":[],"class_list":["post-13299","post","type-post","status-publish","format-standard","has-post-thumbnail","hentry","category-cidade"],"_links":{"self":[{"href":"https:\/\/tvc16.com\/portal\/wp-json\/wp\/v2\/posts\/13299","targetHints":{"allow":["GET"]}}],"collection":[{"href":"https:\/\/tvc16.com\/portal\/wp-json\/wp\/v2\/posts"}],"about":[{"href":"https:\/\/tvc16.com\/portal\/wp-json\/wp\/v2\/types\/post"}],"author":[{"embeddable":true,"href":"https:\/\/tvc16.com\/portal\/wp-json\/wp\/v2\/users\/2"}],"replies":[{"embeddable":true,"href":"https:\/\/tvc16.com\/portal\/wp-json\/wp\/v2\/comments?post=13299"}],"version-history":[{"count":1,"href":"https:\/\/tvc16.com\/portal\/wp-json\/wp\/v2\/posts\/13299\/revisions"}],"predecessor-version":[{"id":13300,"href":"https:\/\/tvc16.com\/portal\/wp-json\/wp\/v2\/posts\/13299\/revisions\/13300"}],"wp:featuredmedia":[{"embeddable":true,"href":"https:\/\/tvc16.com\/portal\/wp-json\/wp\/v2\/media\/13294"}],"wp:attachment":[{"href":"https:\/\/tvc16.com\/portal\/wp-json\/wp\/v2\/media?parent=13299"}],"wp:term":[{"taxonomy":"category","embeddable":true,"href":"https:\/\/tvc16.com\/portal\/wp-json\/wp\/v2\/categories?post=13299"},{"taxonomy":"post_tag","embeddable":true,"href":"https:\/\/tvc16.com\/portal\/wp-json\/wp\/v2\/tags?post=13299"}],"curies":[{"name":"wp","href":"https:\/\/api.w.org\/{rel}","templated":true}]}}