{"id":13308,"date":"2021-04-22T10:47:41","date_gmt":"2021-04-22T13:47:41","guid":{"rendered":"https:\/\/tvc16.com\/portal\/?p=13308"},"modified":"2021-04-22T10:47:43","modified_gmt":"2021-04-22T13:47:43","slug":"eua-prometem-cortar-emissoes-pela-metade-ate-2030","status":"publish","type":"post","link":"https:\/\/tvc16.com\/portal\/2021\/04\/22\/eua-prometem-cortar-emissoes-pela-metade-ate-2030\/","title":{"rendered":"EUA prometem cortar emiss\u00f5es pela metade at\u00e9 2030"},"content":{"rendered":"\n<h3 class=\"wp-block-heading\">Meta \u00e9 anunciada no in\u00edcio da C\u00fapula virtual do Clima<\/h3>\n\n\n\n<h4 class=\"wp-block-heading\">Por Jeff Mason e Valerie Volcovici\u00a0&#8211; Rep\u00f3rteres da Reuters &#8211; Washington<\/h4>\n\n\n\n<p>O governo do presidente dos Estados Unidos (EUA), Joe Biden, prometeu nesta quinta-feira (22) cortar as emiss\u00f5es de gases de efeito estufa do pa\u00eds entre 50% e 52% at\u00e9 2030, em compara\u00e7\u00e3o com os n\u00edveis de 2005.&nbsp;Com a nova meta, espera induzir outros grandes emissores a mostrarem mais ambi\u00e7\u00e3o no combate \u00e0 mudan\u00e7a clim\u00e1tica.<img decoding=\"async\" src=\"https:\/\/agenciabrasil.ebc.com.br\/ebc.png?id=1407497&amp;o=node\"><img decoding=\"async\" src=\"https:\/\/agenciabrasil.ebc.com.br\/ebc.gif?id=1407497&amp;o=node\"><\/p>\n\n\n\n<p>O objetivo, revelado no in\u00edcio da&nbsp;c\u00fapula clim\u00e1tica de dois dias comandada por Biden, \u00e9 anunciado no momento em que os EUA tentam reassumir a lideran\u00e7a global da luta contra o aquecimento global, depois de o ex-presidente Donald Trump afastar o pa\u00eds dos esfor\u00e7os internacionais para cortar emiss\u00f5es.<\/p>\n\n\n\n<p>A meta tamb\u00e9m assinala um marco importante no plano mais abrangente de Biden, de descarbonizar a economia dos EUA inteiramente at\u00e9 2050 \u2013 uma pauta que ele diz que pode criar milh\u00f5es de empregos bem remunerados, mas que muitos republicanos dizem temer que prejudique&nbsp;a economia.<\/p>\n\n\n\n<p>Os cortes de emiss\u00f5es devem vir de usinas de energia, autom\u00f3veis e outros setores econ\u00f4micos, mas a Casa Branca n\u00e3o estabeleceu metas individuais para esses setores.<\/p>\n\n\n\n<p>&#8220;\u00c9 um objetivo para toda a economia. Haver\u00e1 diversas rotas para chegar l\u00e1&#8221;, disse uma autoridade aos rep\u00f3rteres em teleconfer\u00eancia ao descrever o plano.<\/p>\n\n\n\n<p>Metas espec\u00edficas para os setores ser\u00e3o delineadas mais tarde neste ano.<\/p>\n\n\n\n<p>Como os EUA pretendem atingir suas metas clim\u00e1ticas ser\u00e1 crucial para consolidar sua credibilidade na luta contra o aquecimento global, em meio a preocupa\u00e7\u00f5es internacionais de que o comprometimento norte-americano com uma economia de energia limpa possa mudar drasticamente de um governo para outro.<\/p>\n\n\n\n<p>O plano de infraestrutura de US$ 2 trilh\u00f5es, apresentado recentemente por Biden, cont\u00eam numerosas medidas que podem gerar alguns dos cortes de emiss\u00f5es necess\u00e1rios nesta d\u00e9cada, como um padr\u00e3o de energia limpa para zerar as emiss\u00f5es no setor el\u00e9trico at\u00e9 2035 e a\u00e7\u00f5es para eletrificar a frota de ve\u00edculos.<\/p>\n\n\n\n<p>Mas as medidas precisam ser aprovadas pelo Congresso para se tornarem realidade.<\/p>\n\n\n\n<p>Biden se dedicou a restaurar a lideran\u00e7a clim\u00e1tica dos EUA durante a campanha eleitoral e nos primeiros dias na Presid\u00eancia, j\u00e1 que o republicano Trump, um c\u00e9tico da mudan\u00e7a clim\u00e1tica, retirou o pa\u00eds do Acordo de Paris contra o aquecimento global.<\/p>\n","protected":false},"excerpt":{"rendered":"<p>Meta \u00e9 anunciada no in\u00edcio da C\u00fapula virtual do Clima Por Jeff Mason e Valerie<\/p>\n","protected":false},"author":2,"featured_media":13309,"comment_status":"open","ping_status":"open","sticky":false,"template":"","format":"standard","meta":{"footnotes":""},"categories":[17],"tags":[],"class_list":["post-13308","post","type-post","status-publish","format-standard","has-post-thumbnail","hentry","category-outras-noticias"],"_links":{"self":[{"href":"https:\/\/tvc16.com\/portal\/wp-json\/wp\/v2\/posts\/13308","targetHints":{"allow":["GET"]}}],"collection":[{"href":"https:\/\/tvc16.com\/portal\/wp-json\/wp\/v2\/posts"}],"about":[{"href":"https:\/\/tvc16.com\/portal\/wp-json\/wp\/v2\/types\/post"}],"author":[{"embeddable":true,"href":"https:\/\/tvc16.com\/portal\/wp-json\/wp\/v2\/users\/2"}],"replies":[{"embeddable":true,"href":"https:\/\/tvc16.com\/portal\/wp-json\/wp\/v2\/comments?post=13308"}],"version-history":[{"count":1,"href":"https:\/\/tvc16.com\/portal\/wp-json\/wp\/v2\/posts\/13308\/revisions"}],"predecessor-version":[{"id":13310,"href":"https:\/\/tvc16.com\/portal\/wp-json\/wp\/v2\/posts\/13308\/revisions\/13310"}],"wp:featuredmedia":[{"embeddable":true,"href":"https:\/\/tvc16.com\/portal\/wp-json\/wp\/v2\/media\/13309"}],"wp:attachment":[{"href":"https:\/\/tvc16.com\/portal\/wp-json\/wp\/v2\/media?parent=13308"}],"wp:term":[{"taxonomy":"category","embeddable":true,"href":"https:\/\/tvc16.com\/portal\/wp-json\/wp\/v2\/categories?post=13308"},{"taxonomy":"post_tag","embeddable":true,"href":"https:\/\/tvc16.com\/portal\/wp-json\/wp\/v2\/tags?post=13308"}],"curies":[{"name":"wp","href":"https:\/\/api.w.org\/{rel}","templated":true}]}}