{"id":13311,"date":"2021-04-22T10:50:04","date_gmt":"2021-04-22T13:50:04","guid":{"rendered":"https:\/\/tvc16.com\/portal\/?p=13311"},"modified":"2021-04-22T10:50:06","modified_gmt":"2021-04-22T13:50:06","slug":"lei-que-altera-ldo-em-favor-de-programas-emergenciais-e-publicada","status":"publish","type":"post","link":"https:\/\/tvc16.com\/portal\/2021\/04\/22\/lei-que-altera-ldo-em-favor-de-programas-emergenciais-e-publicada\/","title":{"rendered":"Lei que altera LDO em favor de programas emergenciais \u00e9 publicada"},"content":{"rendered":"\n<h3 class=\"wp-block-heading\">Texto foi sancionado pelo presidente Jair Bolsonaro<\/h3>\n\n\n\n<h4 class=\"wp-block-heading\">Por Andreia Verd\u00e9lio \u2013 Rep\u00f3rter da Ag\u00eancia Brasil &#8211; Bras\u00edlia<\/h4>\n\n\n\n<p>O presidente Jair Bolsonaro sancionou a altera\u00e7\u00e3o na Lei de Diretrizes Or\u00e7ament\u00e1ria de 2021 que permite a abertura de cr\u00e9dito extraordin\u00e1rio destinado a programas emergenciais para redu\u00e7\u00e3o de sal\u00e1rio e de jornada de trabalhadores da iniciativa privada e apoio a micro e pequenas empresas. A medida foi publicada ontem (21) em edi\u00e7\u00e3o extra do&nbsp;<a href=\"https:\/\/pesquisa.in.gov.br\/imprensa\/jsp\/visualiza\/index.jsp?jornal=603&amp;pagina=1&amp;data=21\/04\/2021\" target=\"_blank\" rel=\"noreferrer noopener\"><em>Di\u00e1rio Oficial da Uni\u00e3o<\/em>&nbsp;<\/a>para viabilizar, este ano, as medidas de enfrentamento \u00e0 pandemia de covid-19 e as suas consequ\u00eancias econ\u00f4micas.<img decoding=\"async\" src=\"https:\/\/agenciabrasil.ebc.com.br\/ebc.png?id=1407496&amp;o=node\"><img decoding=\"async\" src=\"https:\/\/agenciabrasil.ebc.com.br\/ebc.gif?id=1407496&amp;o=node\"><\/p>\n\n\n\n<p>Pelo texto, que foi aprovado pelo&nbsp;<a href=\"https:\/\/agenciabrasil.ebc.com.br\/politica\/noticia\/2021-04\/congresso-aprova-lei-que-altera-ldo-em-favor-de-programas-emergenciais\" target=\"_blank\" rel=\"noreferrer noopener\">Congresso<\/a>&nbsp;na segunda-feira (19), os cr\u00e9ditos extraordin\u00e1rios com a\u00e7\u00f5es e servi\u00e7os p\u00fablicos de sa\u00fade que sejam especificamente voltados para o enfrentamento \u00e0 crise sanit\u00e1ria n\u00e3o ser\u00e3o computados na meta de resultado prim\u00e1rio. Da mesma forma ser\u00e3o exclu\u00eddos da meta as despesas com o Programa Nacional de Apoio \u00e0s Microempresas e Empresas de Pequeno Porte (Pronampe) e com o Programa Emergencial de Manuten\u00e7\u00e3o do Emprego e da Renda (BEm), que deve ser retomado neste ano.<\/p>\n\n\n\n<p>A meta estabelecida no projeto de lei do&nbsp;<a href=\"https:\/\/agenciabrasil.ebc.com.br\/politica\/noticia\/2021-03\/congresso-aprova-orcamento-da-uniao-para-2021\" target=\"_blank\" rel=\"noreferrer noopener\">Or\u00e7amento da Uni\u00e3o para 2021<\/a>&nbsp;\u00e9 um d\u00e9ficit de R$ 247,1 bilh\u00f5es. A Lei Or\u00e7ament\u00e1ria Anual (LOA) indica a estimativa da receita e a fixa\u00e7\u00e3o de quanto pode ser gasto, apresentando a pol\u00edtica econ\u00f4mica e financeira e o programa de trabalho do governo. O texto tamb\u00e9m deve ser sancionado hoje (22) pelo presidente Bolsonaro.<\/p>\n\n\n\n<p><a href=\"https:\/\/agenciabrasil.ebc.com.br\/economia\/noticia\/2021-04\/governo-destinara-ate-r-15-bi-para-relancar-bem-e-pronampe\" target=\"_blank\" rel=\"noreferrer noopener\">A estimativa do governo<\/a>&nbsp;\u00e9 destinar at\u00e9 R$ 15 bilh\u00f5es para os dois programas destinados \u00e0 iniciativa privada.<\/p>\n\n\n\n<p>No ano passado, por meio do BEm, empresas puderam realizar acordos de redu\u00e7\u00e3o de jornada e sal\u00e1rio ou de suspens\u00e3o de contratos de trabalho, garantindo ao trabalhador uma porcentagem do seguro-desemprego a que teria direito se fosse demitido. O benef\u00edcio foi pago com recursos do Fundo de Amparo ao Trabalhador (FAT).&nbsp;<a href=\"https:\/\/agenciabrasil.ebc.com.br\/economia\/noticia\/2020-12\/termina-hoje-programa-de-reducao-de-jornada-e-suspensao-de-contratos\" target=\"_blank\" rel=\"noreferrer noopener\">De acordo com o governo<\/a>, o programa preservou o emprego e a renda de cerca de 10,2 milh\u00f5es de trabalhadores em 1,5 milh\u00e3o de empresas.<\/p>\n\n\n\n<p>O&nbsp; Pronampe \u00e9 uma linha de cr\u00e9dito criada para auxiliar financeiramente os pequenos neg\u00f3cios e, ao mesmo tempo, manter empregos durante a pandemia. As empresas beneficiadas assumiram o compromisso de preservar o n\u00famero de funcion\u00e1rios e puderam utilizar os recursos para financiar a atividade empresarial, como investimentos e capital de giro para despesas operacionais. De acordo com o governo, o&nbsp;<a href=\"https:\/\/agenciabrasil.ebc.com.br\/economia\/noticia\/2020-12\/lei-aumenta-participacao-da-uniao-em-fundo-de-garantias-do-pronampe\" target=\"_blank\" rel=\"noreferrer noopener\">programa disponibilizou mais de R$ 37 bilh\u00f5es<\/a>&nbsp;em financiamentos para quase 520 mil micro e pequenos empreendedores em 2020.<\/p>\n\n\n\n<p>O texto ainda autoriza que o Executivo fa\u00e7a o bloqueio das dota\u00e7\u00f5es or\u00e7ament\u00e1rias de despesas discricion\u00e1rias (gastos facultativos, que n\u00e3o s\u00e3o legalmente obrigat\u00f3rios) no montante necess\u00e1rio a cobrir as despesas obrigat\u00f3rias (gastos que s\u00e3o obrigat\u00f3rios por lei). \u201cEssa medida permitir\u00e1 a recomposi\u00e7\u00e3o das dota\u00e7\u00f5es or\u00e7ament\u00e1rias da Previd\u00eancia Social e de outros gastos obrigat\u00f3rios que n\u00e3o possu\u00edam cobertura or\u00e7ament\u00e1ria suficiente no Aut\u00f3grafo da lei or\u00e7ament\u00e1ria, o que auxiliar\u00e1 no aperfei\u00e7oamento do or\u00e7amento de 2021\u201d, explicou a Secretaria-Geral da Presid\u00eancia, em nota.<\/p>\n\n\n\n<p>Ainda de acordo com a nova lei, ap\u00f3s o atendimento das despesas obrigat\u00f3rias, as prioridades e as metas da administra\u00e7\u00e3o p\u00fablica federal s\u00e3o a agenda para a primeira inf\u00e2ncia, as despesas do Programa Casa Verde e Amarela para munic\u00edpios at\u00e9 50 mil habitantes, outros programas emergenciais criados em meio \u00e0 pandemia e os investimentos previsto no&nbsp;<a href=\"http:\/\/www.planalto.gov.br\/ccivil_03\/_ato2019-2022\/2019\/lei\/L13971.htm\" target=\"_blank\" rel=\"noreferrer noopener\">Plano Plurianual da Uni\u00e3o<\/a>&nbsp;para o per\u00edodo de 2020 a 2023.<\/p>\n\n\n\n<h2 class=\"wp-block-heading\">Veto<\/h2>\n\n\n\n<p>A pedido do Minist\u00e9rio da Economia, Bolsonaro vetou o dispositivo que permitia a assinatura de contratos e a realiza\u00e7\u00e3o de transfer\u00eancias e doa\u00e7\u00f5es para munic\u00edpios com at\u00e9 50 mil habitantes em situa\u00e7\u00e3o de inadimpl\u00eancia com a Uni\u00e3o. \u201cEmbora a inten\u00e7\u00e3o do legislador seja louv\u00e1vel, a medida enfraqueceria o controle das contas p\u00fablicas e a fiscaliza\u00e7\u00e3o do correto emprego dos valores transferidos pela Uni\u00e3o\u201d, diz a nota.<\/p>\n\n\n\n<p>De acordo com o governo, os munic\u00edpios com menos de 50 mil habitantes representam cerca de 88% dos munic\u00edpios brasileiros, o que, combinado com as exce\u00e7\u00f5es j\u00e1 existentes, \u201ctornaria os instrumentos de controle e de boa gest\u00e3o fiscal ineficazes\u201d.<\/p>\n\n\n\n<p>Edi\u00e7\u00e3o: Val\u00e9ria Aguiar<\/p>\n","protected":false},"excerpt":{"rendered":"<p>Texto foi sancionado pelo presidente Jair Bolsonaro Por Andreia Verd\u00e9lio \u2013 Rep\u00f3rter da Ag\u00eancia Brasil<\/p>\n","protected":false},"author":2,"featured_media":13312,"comment_status":"open","ping_status":"open","sticky":false,"template":"","format":"standard","meta":{"footnotes":""},"categories":[17],"tags":[],"class_list":["post-13311","post","type-post","status-publish","format-standard","has-post-thumbnail","hentry","category-outras-noticias"],"_links":{"self":[{"href":"https:\/\/tvc16.com\/portal\/wp-json\/wp\/v2\/posts\/13311","targetHints":{"allow":["GET"]}}],"collection":[{"href":"https:\/\/tvc16.com\/portal\/wp-json\/wp\/v2\/posts"}],"about":[{"href":"https:\/\/tvc16.com\/portal\/wp-json\/wp\/v2\/types\/post"}],"author":[{"embeddable":true,"href":"https:\/\/tvc16.com\/portal\/wp-json\/wp\/v2\/users\/2"}],"replies":[{"embeddable":true,"href":"https:\/\/tvc16.com\/portal\/wp-json\/wp\/v2\/comments?post=13311"}],"version-history":[{"count":1,"href":"https:\/\/tvc16.com\/portal\/wp-json\/wp\/v2\/posts\/13311\/revisions"}],"predecessor-version":[{"id":13313,"href":"https:\/\/tvc16.com\/portal\/wp-json\/wp\/v2\/posts\/13311\/revisions\/13313"}],"wp:featuredmedia":[{"embeddable":true,"href":"https:\/\/tvc16.com\/portal\/wp-json\/wp\/v2\/media\/13312"}],"wp:attachment":[{"href":"https:\/\/tvc16.com\/portal\/wp-json\/wp\/v2\/media?parent=13311"}],"wp:term":[{"taxonomy":"category","embeddable":true,"href":"https:\/\/tvc16.com\/portal\/wp-json\/wp\/v2\/categories?post=13311"},{"taxonomy":"post_tag","embeddable":true,"href":"https:\/\/tvc16.com\/portal\/wp-json\/wp\/v2\/tags?post=13311"}],"curies":[{"name":"wp","href":"https:\/\/api.w.org\/{rel}","templated":true}]}}