{"id":13314,"date":"2021-04-22T10:50:56","date_gmt":"2021-04-22T13:50:56","guid":{"rendered":"https:\/\/tvc16.com\/portal\/?p=13314"},"modified":"2021-04-22T10:50:58","modified_gmt":"2021-04-22T13:50:58","slug":"policia-russa-deteve-1-784-pessoas-durante-manifestacoes-pro-navalny","status":"publish","type":"post","link":"https:\/\/tvc16.com\/portal\/2021\/04\/22\/policia-russa-deteve-1-784-pessoas-durante-manifestacoes-pro-navalny\/","title":{"rendered":"Pol\u00edcia russa deteve 1.784 pessoas durante manifesta\u00e7\u00f5es pr\u00f3-Navalny"},"content":{"rendered":"\n<h3 class=\"wp-block-heading\">L\u00edder oposicionista est\u00e1 em greve de fome h\u00e1 tr\u00eas semanas<\/h3>\n\n\n\n<h4 class=\"wp-block-heading\">Por RTP &#8211; Erevan e Moscou<\/h4>\n\n\n\n<p>A pol\u00edcia russa deteve pelo menos 1.784 pessoas nas manifesta\u00e7\u00f5es de apoio ao l\u00edder da oposi\u00e7\u00e3o, Alexei Navalny, nessa&nbsp;quarta-feira (20), em v\u00e1rios pontos do pa\u00eds, informaram&nbsp;hoje (21) organiza\u00e7\u00f5es n\u00e3o governamentais. &nbsp;<img decoding=\"async\" src=\"https:\/\/agenciabrasil.ebc.com.br\/ebc.png?id=1407493&amp;o=node\"><img decoding=\"async\" src=\"https:\/\/agenciabrasil.ebc.com.br\/ebc.gif?id=1407493&amp;o=node\"><\/p>\n\n\n\n<p>Milhares de manifestantes sa\u00edram ontem \u00e0s ruas para pedir a liberta\u00e7\u00e3o&nbsp;de Navalny, que se encontra em greve de fome h\u00e1 mais de tr\u00eas semanas.<\/p>\n\n\n\n<p>O estado de sa\u00fade dele&nbsp;\u00e9 considerado grave, em virtude da greve de fome, e preocupa os seus apoiadores.&nbsp;<\/p>\n\n\n\n<p>De acordo com dados divulgados hoje pela organiza\u00e7\u00e3o OVD-Info, cerca de 850 pessoas foram detidas em S\u00e3o Petersburgo, a segunda cidade da R\u00fassia, onde houve atos de viol\u00eancia policial contra os manifestantes.&nbsp;Segundo a mesma fonte, 84 manifestantes passaram a noite nos pres\u00eddios de S\u00e3o Petersburgo.<\/p>\n\n\n\n<p>Em Moscou, as concentra\u00e7\u00f5es de apoio a Navalny localizaram-se perto do Kremlin e do edif\u00edcio dos servi\u00e7os de seguran\u00e7a e informa\u00e7\u00f5es (FSB). N\u00e3o foram registrados incidentes, mas 30 pessoas foram detidas nesses locais.<\/p>\n\n\n\n<p>Houve deten\u00e7\u00f5es em 95 cidades da R\u00fassia, principalmente em Oufa (119 detidos), Kazan (68) e Barnaoul (58).<\/p>\n\n\n\n<p>Os apoiadores&nbsp;do l\u00edder oposicionista apelaram aos protestos em mais de uma centena de cidades, na quarta-feira, dia marcado pelo discurso anual do presidente russo,&nbsp;Vladimir Putin.<\/p>\n\n\n\n<p>Diversos ativistas foram detidos antes do in\u00edcio dos protestos e outros enquanto decorriam os desfiles, tendo ainda sido relatadas buscas em locais com liga\u00e7\u00e3o \u00e0 organiza\u00e7\u00e3o do opositor.<\/p>\n\n\n\n<p>Manifesta\u00e7\u00f5es anteriores, ap\u00f3s a deten\u00e7\u00e3o de Navalny em janeiro, levaram a mais&nbsp;de 11 mil&nbsp;deten\u00e7\u00f5es e a pelo menos sete penas pesadas de pris\u00e3o por acusa\u00e7\u00f5es de &#8220;viol\u00eancias&#8221; contra a pol\u00edcia.<\/p>\n\n\n\n<p>Alexei Navalny, o principal oponente do presidente russo, Vladimir Putin, foi preso em janeiro ao voltar da Alemanha, onde passou cinco meses se recuperando&nbsp;de um envenenamento com um agente neurot\u00f3xico, que foi atribu\u00eddo ao Kremlin, acusa\u00e7\u00f5es que as autoridades russas rejeitaram.<\/p>\n","protected":false},"excerpt":{"rendered":"<p>L\u00edder oposicionista est\u00e1 em greve de fome h\u00e1 tr\u00eas semanas Por RTP &#8211; Erevan e<\/p>\n","protected":false},"author":2,"featured_media":13315,"comment_status":"open","ping_status":"open","sticky":false,"template":"","format":"standard","meta":{"footnotes":""},"categories":[17],"tags":[],"class_list":["post-13314","post","type-post","status-publish","format-standard","has-post-thumbnail","hentry","category-outras-noticias"],"_links":{"self":[{"href":"https:\/\/tvc16.com\/portal\/wp-json\/wp\/v2\/posts\/13314","targetHints":{"allow":["GET"]}}],"collection":[{"href":"https:\/\/tvc16.com\/portal\/wp-json\/wp\/v2\/posts"}],"about":[{"href":"https:\/\/tvc16.com\/portal\/wp-json\/wp\/v2\/types\/post"}],"author":[{"embeddable":true,"href":"https:\/\/tvc16.com\/portal\/wp-json\/wp\/v2\/users\/2"}],"replies":[{"embeddable":true,"href":"https:\/\/tvc16.com\/portal\/wp-json\/wp\/v2\/comments?post=13314"}],"version-history":[{"count":1,"href":"https:\/\/tvc16.com\/portal\/wp-json\/wp\/v2\/posts\/13314\/revisions"}],"predecessor-version":[{"id":13316,"href":"https:\/\/tvc16.com\/portal\/wp-json\/wp\/v2\/posts\/13314\/revisions\/13316"}],"wp:featuredmedia":[{"embeddable":true,"href":"https:\/\/tvc16.com\/portal\/wp-json\/wp\/v2\/media\/13315"}],"wp:attachment":[{"href":"https:\/\/tvc16.com\/portal\/wp-json\/wp\/v2\/media?parent=13314"}],"wp:term":[{"taxonomy":"category","embeddable":true,"href":"https:\/\/tvc16.com\/portal\/wp-json\/wp\/v2\/categories?post=13314"},{"taxonomy":"post_tag","embeddable":true,"href":"https:\/\/tvc16.com\/portal\/wp-json\/wp\/v2\/tags?post=13314"}],"curies":[{"name":"wp","href":"https:\/\/api.w.org\/{rel}","templated":true}]}}