{"id":13317,"date":"2021-04-22T10:51:39","date_gmt":"2021-04-22T13:51:39","guid":{"rendered":"https:\/\/tvc16.com\/portal\/?p=13317"},"modified":"2021-04-22T10:51:41","modified_gmt":"2021-04-22T13:51:41","slug":"confianca-da-industria-cai-11-ponto-na-previa-de-abril-diz-fgv","status":"publish","type":"post","link":"https:\/\/tvc16.com\/portal\/2021\/04\/22\/confianca-da-industria-cai-11-ponto-na-previa-de-abril-diz-fgv\/","title":{"rendered":"Confian\u00e7a da ind\u00fastria cai 1,1 ponto na pr\u00e9via de abril, diz FGV"},"content":{"rendered":"\n<h3 class=\"wp-block-heading\">Resultado atingiu 103,1 pontos; acima de 100, indica confian\u00e7a<\/h3>\n\n\n\n<h4 class=\"wp-block-heading\">Por Vitor Abdala \u2013 Rep\u00f3rter da Ag\u00eancia Brasil &#8211; Rio de Janeiro<\/h4>\n\n\n\n<p>O \u00cdndice de Confian\u00e7a da Ind\u00fastria recuou 1,1 ponto na pr\u00e9via de abril, na compara\u00e7\u00e3o com o resultado consolidado de mar\u00e7o. Segundo os dados divulgados hoje (22) pela Funda\u00e7\u00e3o Getulio Vargas, o indicador chegou a 103,1 pontos. Essa \u00e9 a quarta queda do indicador desde agosto de 2020, quando atingiu o menor n\u00edvel (98,7 pontos). O \u00edndice vai de 0 a 200 e acima de 100 indica otimismo.<img decoding=\"async\" src=\"https:\/\/agenciabrasil.ebc.com.br\/ebc.png?id=1407491&amp;o=node\"><img decoding=\"async\" src=\"https:\/\/agenciabrasil.ebc.com.br\/ebc.gif?id=1407491&amp;o=node\"><\/p>\n\n\n\n<p>A queda da confian\u00e7a dos empres\u00e1rios brasileiros foi puxada principalmente pela avalia\u00e7\u00e3o sobre a situa\u00e7\u00e3o atual, que recuou 2,3 pontos e atingiu 109,1 pontos. O \u00cdndice de Expectativas, que mede a confian\u00e7a dos empres\u00e1rios no futuro, manteve-se em 97,1 pontos.<\/p>\n\n\n\n<p>O dado preliminar do N\u00edvel de Utiliza\u00e7\u00e3o da Capacidade Instalada da ind\u00fastria mostra queda de 2,7 pontos percentuais, para 75,6%, menor n\u00edvel desde agosto de 2020 (75,3%).<\/p>\n\n\n\n<p>Edi\u00e7\u00e3o: Denise Griesinger<\/p>\n","protected":false},"excerpt":{"rendered":"<p>Resultado atingiu 103,1 pontos; acima de 100, indica confian\u00e7a Por Vitor Abdala \u2013 Rep\u00f3rter da<\/p>\n","protected":false},"author":2,"featured_media":13318,"comment_status":"open","ping_status":"open","sticky":false,"template":"","format":"standard","meta":{"footnotes":""},"categories":[17],"tags":[],"class_list":["post-13317","post","type-post","status-publish","format-standard","has-post-thumbnail","hentry","category-outras-noticias"],"_links":{"self":[{"href":"https:\/\/tvc16.com\/portal\/wp-json\/wp\/v2\/posts\/13317","targetHints":{"allow":["GET"]}}],"collection":[{"href":"https:\/\/tvc16.com\/portal\/wp-json\/wp\/v2\/posts"}],"about":[{"href":"https:\/\/tvc16.com\/portal\/wp-json\/wp\/v2\/types\/post"}],"author":[{"embeddable":true,"href":"https:\/\/tvc16.com\/portal\/wp-json\/wp\/v2\/users\/2"}],"replies":[{"embeddable":true,"href":"https:\/\/tvc16.com\/portal\/wp-json\/wp\/v2\/comments?post=13317"}],"version-history":[{"count":1,"href":"https:\/\/tvc16.com\/portal\/wp-json\/wp\/v2\/posts\/13317\/revisions"}],"predecessor-version":[{"id":13319,"href":"https:\/\/tvc16.com\/portal\/wp-json\/wp\/v2\/posts\/13317\/revisions\/13319"}],"wp:featuredmedia":[{"embeddable":true,"href":"https:\/\/tvc16.com\/portal\/wp-json\/wp\/v2\/media\/13318"}],"wp:attachment":[{"href":"https:\/\/tvc16.com\/portal\/wp-json\/wp\/v2\/media?parent=13317"}],"wp:term":[{"taxonomy":"category","embeddable":true,"href":"https:\/\/tvc16.com\/portal\/wp-json\/wp\/v2\/categories?post=13317"},{"taxonomy":"post_tag","embeddable":true,"href":"https:\/\/tvc16.com\/portal\/wp-json\/wp\/v2\/tags?post=13317"}],"curies":[{"name":"wp","href":"https:\/\/api.w.org\/{rel}","templated":true}]}}