{"id":13326,"date":"2021-04-22T10:57:31","date_gmt":"2021-04-22T13:57:31","guid":{"rendered":"https:\/\/tvc16.com\/portal\/?p=13326"},"modified":"2021-04-22T10:57:33","modified_gmt":"2021-04-22T13:57:33","slug":"fluminense-recebe-river-plate-no-maracana-na-estreia-da-libertadores","status":"publish","type":"post","link":"https:\/\/tvc16.com\/portal\/2021\/04\/22\/fluminense-recebe-river-plate-no-maracana-na-estreia-da-libertadores\/","title":{"rendered":"Fluminense recebe River Plate no Maracan\u00e3 na estreia da Libertadores"},"content":{"rendered":"\n<h3 class=\"wp-block-heading\">Partida acontece nesta quinta, a partir das 19h, no Maracan\u00e3<\/h3>\n\n\n\n<h4 class=\"wp-block-heading\">Por Rodrigo Ricardo &#8211; Rep\u00f3rter da R\u00e1dio Nacional &#8211; Rio de Janeiro<\/h4>\n\n\n\n<p>Esta quinta-feira (22) ficar\u00e1 na mem\u00f3ria dos tricolores cariocas, pois, ap\u00f3s um hiato de oito anos, o Fluminense volta a disputar uma partida pela Ta\u00e7a Libertadores da Am\u00e9rica. E a caminhada em busca da gl\u00f3ria eterna come\u00e7a contra o River Plate (Argentina), a partir das 19h (hor\u00e1rio de Bras\u00edlia), no est\u00e1dio do Maracan\u00e3. Brasileiros e argentinos est\u00e3o no Grupo D junto com Santa Fe e Junior Barranquilla, ambos da Col\u00f4mbia.<img decoding=\"async\" src=\"https:\/\/agenciabrasil.ebc.com.br\/ebc.png?id=1407460&amp;o=node\"><img decoding=\"async\" src=\"https:\/\/agenciabrasil.ebc.com.br\/ebc.gif?id=1407460&amp;o=node\"><\/p>\n\n\n\n<p>\u201cO que nos colocar\u00e1 na condi\u00e7\u00e3o de brigar por este t\u00edtulo \u00e9 a classifica\u00e7\u00e3o para as oitavas de final. A partir da\u00ed, tudo se iguala\u201d, afirma Fred. O veterano atacante de 37 anos \u00e9 um dos trunfos do t\u00e9cnico Roger Machado para estrear com sucesso na competi\u00e7\u00e3o.<\/p>\n\n\n\n<p>O Tricolor vem de vit\u00f3ria de 1 a 0 sobre o Botafogo pelo Campeonato Carioca com uma trinca de volantes (Yago Felipe, Martinelli e Wellington) que pode ser repetida esta noite. Dos cinco refor\u00e7os rec\u00e9m-contratados, n\u00e3o jogam o atacante argentino naturalizado paraguaio Ra\u00fal Bobadilla, por falta de documenta\u00e7\u00e3o, e o zagueiro David Braz, que recupera do novo coronav\u00edrus (covid-19).<\/p>\n\n\n\n<p>J\u00e1 os argentinos chegam \u00e0 estreia na Libertadores ap\u00f3s golearem o Central C\u00f3rdoba por 5 a 0 pelo Campeonato Argentino. Com quatro Libertadores no curr\u00edculo (1986, 1996, 2015 e 2018) e o mesmo t\u00e9cnico desde 2014, Marcelo Daniel Gallardo (campe\u00e3o da competi\u00e7\u00e3o como jogador e treinador), o River Plate \u00e9 um dos favoritos a ficar com o t\u00edtulo da atual edi\u00e7\u00e3o da Libertadores.<\/p>\n\n\n\n<h2 class=\"wp-block-heading\">Retrospecto<\/h2>\n\n\n\n<p>Esta ser\u00e1 a primeira partida oficial entre Fluminense e River Plate. As duas equipes j\u00e1 disputaram quatro amistosos, com dois empates e uma vit\u00f3ria para cada lado.<\/p>\n\n\n\n<p>Edi\u00e7\u00e3o: F\u00e1bio Lisboa<\/p>\n","protected":false},"excerpt":{"rendered":"<p>Partida acontece nesta quinta, a partir das 19h, no Maracan\u00e3 Por Rodrigo Ricardo &#8211; Rep\u00f3rter<\/p>\n","protected":false},"author":2,"featured_media":13327,"comment_status":"open","ping_status":"open","sticky":false,"template":"","format":"standard","meta":{"footnotes":""},"categories":[17],"tags":[],"class_list":["post-13326","post","type-post","status-publish","format-standard","has-post-thumbnail","hentry","category-outras-noticias"],"_links":{"self":[{"href":"https:\/\/tvc16.com\/portal\/wp-json\/wp\/v2\/posts\/13326","targetHints":{"allow":["GET"]}}],"collection":[{"href":"https:\/\/tvc16.com\/portal\/wp-json\/wp\/v2\/posts"}],"about":[{"href":"https:\/\/tvc16.com\/portal\/wp-json\/wp\/v2\/types\/post"}],"author":[{"embeddable":true,"href":"https:\/\/tvc16.com\/portal\/wp-json\/wp\/v2\/users\/2"}],"replies":[{"embeddable":true,"href":"https:\/\/tvc16.com\/portal\/wp-json\/wp\/v2\/comments?post=13326"}],"version-history":[{"count":1,"href":"https:\/\/tvc16.com\/portal\/wp-json\/wp\/v2\/posts\/13326\/revisions"}],"predecessor-version":[{"id":13328,"href":"https:\/\/tvc16.com\/portal\/wp-json\/wp\/v2\/posts\/13326\/revisions\/13328"}],"wp:featuredmedia":[{"embeddable":true,"href":"https:\/\/tvc16.com\/portal\/wp-json\/wp\/v2\/media\/13327"}],"wp:attachment":[{"href":"https:\/\/tvc16.com\/portal\/wp-json\/wp\/v2\/media?parent=13326"}],"wp:term":[{"taxonomy":"category","embeddable":true,"href":"https:\/\/tvc16.com\/portal\/wp-json\/wp\/v2\/categories?post=13326"},{"taxonomy":"post_tag","embeddable":true,"href":"https:\/\/tvc16.com\/portal\/wp-json\/wp\/v2\/tags?post=13326"}],"curies":[{"name":"wp","href":"https:\/\/api.w.org\/{rel}","templated":true}]}}