{"id":13332,"date":"2021-04-22T10:59:02","date_gmt":"2021-04-22T13:59:02","guid":{"rendered":"https:\/\/tvc16.com\/portal\/?p=13332"},"modified":"2021-04-22T10:59:04","modified_gmt":"2021-04-22T13:59:04","slug":"caixa-paga-auxilio-emergencial-a-nascidos-em-agosto","status":"publish","type":"post","link":"https:\/\/tvc16.com\/portal\/2021\/04\/22\/caixa-paga-auxilio-emergencial-a-nascidos-em-agosto\/","title":{"rendered":"Caixa paga aux\u00edlio emergencial a nascidos em agosto"},"content":{"rendered":"\n<h3 class=\"wp-block-heading\">Benef\u00edcio\u00a0tem parcelas de R$ 150 a R$ 375<\/h3>\n\n\n\n<h4 class=\"wp-block-heading\">Por Wellton M\u00e1ximo &#8211; Rep\u00f3rter da Ag\u00eancia Brasil &#8211; Bras\u00edlia<\/h4>\n\n\n\n<p>Trabalhadores informais nascidos em agosto come\u00e7am a receber&nbsp;hoje&nbsp;(22) a nova rodada do aux\u00edlio emergencial. O benef\u00edcio&nbsp;tem parcelas de R$ 150 a R$ 375, dependendo da fam\u00edlia.<img decoding=\"async\" src=\"https:\/\/agenciabrasil.ebc.com.br\/ebc.png?id=1407483&amp;o=node\"><img decoding=\"async\" src=\"https:\/\/agenciabrasil.ebc.com.br\/ebc.gif?id=1407483&amp;o=node\"><\/p>\n\n\n\n<p>Tamb\u00e9m&nbsp;hoje, benefici\u00e1rios do Bolsa Fam\u00edlia com o N\u00famero de Inscri\u00e7\u00e3o Social (NIS) de d\u00edgito final 4 poder\u00e3o sacar o benef\u00edcio.<\/p>\n\n\n\n<p>O pagamento ser\u00e1 feito ainda a inscritos no Cadastro \u00danico de Programas Sociais do Governo Federal (Cad\u00danico) nascidos no mesmo m\u00eas. O dinheiro ser\u00e1 depositado nas contas poupan\u00e7a digitais e poder\u00e1 ser movimentado pelo aplicativo Caixa Tem. Somente de duas a quatro semanas ap\u00f3s o dep\u00f3sito, o dinheiro poder\u00e1 ser sacado em esp\u00e9cie ou transferido para uma conta corrente.<\/p>\n\n\n\n<p>O saque da primeira parcela foi antecipado em 15 dias. O calend\u00e1rio de retiradas, que iria de&nbsp;4 de maio&nbsp;a&nbsp;4 de junho, passou para&nbsp;30 de abril&nbsp;a&nbsp;17 de maio.<\/p>\n\n\n\n<p>Ao todo, 45,6 milh\u00f5es de brasileiros ser\u00e3o beneficiados pela nova rodada do aux\u00edlio emergencial. O calend\u00e1rio de pagamentos foi divulgado pelo governo no fim&nbsp;de mar\u00e7o e atualizado na semana passada.<\/p>\n\n\n\n<p>O aux\u00edlio ser\u00e1 pago apenas a quem recebia o benef\u00edcio em dezembro de 2020. Tamb\u00e9m \u00e9 necess\u00e1rio cumprir outros requisitos para&nbsp;ter&nbsp;direito \u00e0 nova rodada (veja&nbsp;<em>link<\/em>&nbsp;do guia de perguntas e respostas no \u00faltimo par\u00e1grafo).<\/p>\n\n\n\n<figure class=\"wp-block-image\"><img decoding=\"async\" src=\"https:\/\/imagens.ebc.com.br\/4IBzpDsiwkr5L0nxQ2-_tgBE7tI=\/754x0\/smart\/https:\/\/agenciabrasil.ebc.com.br\/sites\/default\/files\/thumbnails\/image\/calendario_auxilio_parcelas_consolidado_geral.png?itok=qkKb1gnj\" alt=\"Calend\u00e1rio de pagamento das parcelas do aux\u00edlio emergencial.\" title=\"Arte\/Ag\u00eancia Brasil\"\/><\/figure>\n\n\n\n<p>Calend\u00e1rio de pagamento das parcelas do aux\u00edlio emergencial. &#8211;&nbsp;<strong>Arte\/Ag\u00eancia Brasil<\/strong><\/p>\n\n\n\n<p>Para os benefici\u00e1rios do Bolsa Fam\u00edlia, o pagamento ocorre de forma distinta. Os inscritos podem sacar diretamente o dinheiro nos dez \u00faltimos dias \u00fateis de cada m\u00eas, com base no d\u00edgito final do NIS.<\/p>\n\n\n\n<p>O pagamento da primeira parcela aos inscritos no Bolsa Fam\u00edlia come\u00e7ou na&nbsp;sexta-feira (16) e segue at\u00e9 o dia 30. O aux\u00edlio emergencial somente ser\u00e1 pago quando o valor for superior ao benef\u00edcio do programa social.<\/p>\n\n\n\n<figure class=\"wp-block-image\"><img decoding=\"async\" src=\"https:\/\/imagens.ebc.com.br\/C3BYm65pHy6gc_JInbCiAsrz8bE=\/754x0\/smart\/https:\/\/agenciabrasil.ebc.com.br\/sites\/default\/files\/thumbnails\/image\/calendario_auxilio_parcelas_consolidado_bolsa-familia.png?itok=8dSYWK4C\" alt=\"Calend\u00e1rio de pagamento das parcelas do aux\u00edlio emergencial.\" title=\"Arte\/Ag\u00eancia Brasil\"\/><\/figure>\n\n\n\n<p>Calend\u00e1rio de pagamento das parcelas do aux\u00edlio emergencial para benefici\u00e1rios do Bolsa Fam\u00edlia. &#8211;&nbsp;<strong>Arte\/Ag\u00eancia Brasil<\/strong><\/p>\n\n\n\n<p>A&nbsp;<strong>Ag\u00eancia Brasil<\/strong>&nbsp;elaborou um&nbsp;<a href=\"https:\/\/agenciabrasil.ebc.com.br\/economia\/noticia\/2021-04\/agencia-brasil-explica-nova-rodada-do-auxilio-emergencial\" target=\"_blank\" rel=\"noreferrer noopener\">guia de perguntas e respostas<\/a>&nbsp;sobre o aux\u00edlio emergencial. Entre as d\u00favidas que o benefici\u00e1rio pode tirar est\u00e3o os crit\u00e9rios para receber o benef\u00edcio, a regulariza\u00e7\u00e3o do CPF e os crit\u00e9rios de desempate dentro da mesma fam\u00edlia para&nbsp;ter&nbsp;acesso ao aux\u00edlio.<\/p>\n\n\n\n<p>Edi\u00e7\u00e3o: Gra\u00e7a Adjuto<\/p>\n","protected":false},"excerpt":{"rendered":"<p>Benef\u00edcio\u00a0tem parcelas de R$ 150 a R$ 375 Por Wellton M\u00e1ximo &#8211; Rep\u00f3rter da Ag\u00eancia<\/p>\n","protected":false},"author":2,"featured_media":13333,"comment_status":"open","ping_status":"open","sticky":false,"template":"","format":"standard","meta":{"footnotes":""},"categories":[17],"tags":[],"class_list":["post-13332","post","type-post","status-publish","format-standard","has-post-thumbnail","hentry","category-outras-noticias"],"_links":{"self":[{"href":"https:\/\/tvc16.com\/portal\/wp-json\/wp\/v2\/posts\/13332","targetHints":{"allow":["GET"]}}],"collection":[{"href":"https:\/\/tvc16.com\/portal\/wp-json\/wp\/v2\/posts"}],"about":[{"href":"https:\/\/tvc16.com\/portal\/wp-json\/wp\/v2\/types\/post"}],"author":[{"embeddable":true,"href":"https:\/\/tvc16.com\/portal\/wp-json\/wp\/v2\/users\/2"}],"replies":[{"embeddable":true,"href":"https:\/\/tvc16.com\/portal\/wp-json\/wp\/v2\/comments?post=13332"}],"version-history":[{"count":1,"href":"https:\/\/tvc16.com\/portal\/wp-json\/wp\/v2\/posts\/13332\/revisions"}],"predecessor-version":[{"id":13334,"href":"https:\/\/tvc16.com\/portal\/wp-json\/wp\/v2\/posts\/13332\/revisions\/13334"}],"wp:featuredmedia":[{"embeddable":true,"href":"https:\/\/tvc16.com\/portal\/wp-json\/wp\/v2\/media\/13333"}],"wp:attachment":[{"href":"https:\/\/tvc16.com\/portal\/wp-json\/wp\/v2\/media?parent=13332"}],"wp:term":[{"taxonomy":"category","embeddable":true,"href":"https:\/\/tvc16.com\/portal\/wp-json\/wp\/v2\/categories?post=13332"},{"taxonomy":"post_tag","embeddable":true,"href":"https:\/\/tvc16.com\/portal\/wp-json\/wp\/v2\/tags?post=13332"}],"curies":[{"name":"wp","href":"https:\/\/api.w.org\/{rel}","templated":true}]}}