{"id":13335,"date":"2021-04-22T11:22:48","date_gmt":"2021-04-22T14:22:48","guid":{"rendered":"https:\/\/tvc16.com\/portal\/?p=13335"},"modified":"2021-04-22T11:22:50","modified_gmt":"2021-04-22T14:22:50","slug":"batalhao-dom-pedro-ii-arrecada-alimentos-para-ajudar-instituicoes","status":"publish","type":"post","link":"https:\/\/tvc16.com\/portal\/2021\/04\/22\/batalhao-dom-pedro-ii-arrecada-alimentos-para-ajudar-instituicoes\/","title":{"rendered":"Batalh\u00e3o Dom Pedro II arrecada alimentos para ajudar institui\u00e7\u00f5es"},"content":{"rendered":"\n<p>O 32\u00ba Batalh\u00e3o de Infantaria Leve de Montanha \u2013 \u201cBatalh\u00e3o Dom Pedro II\u201d- iniciou no \u00faltimo dia 12 a Campanha Montanhista Solid\u00e1rio. A a\u00e7\u00e3o, que termina no dia 8 de maio, visa ajudar institui\u00e7\u00f5es filantr\u00f3picas de Petr\u00f3polis com a arrecada\u00e7\u00e3o de alimentos n\u00e3o perec\u00edveis. A Unidade informou ainda est\u00e3o sendo disponibilizados tr\u00eas pontos de apoio para coleta dos produtos.<\/p>\n\n\n\n<p>Os locais onde as pessoas podem deixar doa\u00e7\u00f5es s\u00e3o: na sede do32\u00ba Batalh\u00e3o de Infantaria Leve de Montanha, que fica na Rua Duque de Caxias, s\/n\u00ba \u2013 Quarteir\u00e3o Presid\u00eancia, na TVI Petr\u00f3polis, localizada na Rua Buenos Ayres, 273, no Centro; e na Associa\u00e7\u00e3o dos Militares da Reserva de Petr\u00f3polis (AMIRP), na Rua Paulo Barbosa, 147 &#8211; S\/L 9 e 10, no Centro da cidade.<\/p>\n\n\n\n<p>As doa\u00e7\u00f5es podem ser feitas as ter\u00e7as, quartas e quintas-feiras das 12 \u00e0s 17h. quem quiser saber mais sobre a campanha pode entrar em contato com o batalh\u00e3o atrav\u00e9s dos telefones (24) 2231-4320 ou (24) 99239-9405.<\/p>\n","protected":false},"excerpt":{"rendered":"<p>O 32\u00ba Batalh\u00e3o de Infantaria Leve de Montanha \u2013 \u201cBatalh\u00e3o Dom Pedro II\u201d- iniciou no<\/p>\n","protected":false},"author":2,"featured_media":13336,"comment_status":"open","ping_status":"open","sticky":false,"template":"","format":"standard","meta":{"footnotes":""},"categories":[12],"tags":[],"class_list":["post-13335","post","type-post","status-publish","format-standard","has-post-thumbnail","hentry","category-cidade"],"_links":{"self":[{"href":"https:\/\/tvc16.com\/portal\/wp-json\/wp\/v2\/posts\/13335","targetHints":{"allow":["GET"]}}],"collection":[{"href":"https:\/\/tvc16.com\/portal\/wp-json\/wp\/v2\/posts"}],"about":[{"href":"https:\/\/tvc16.com\/portal\/wp-json\/wp\/v2\/types\/post"}],"author":[{"embeddable":true,"href":"https:\/\/tvc16.com\/portal\/wp-json\/wp\/v2\/users\/2"}],"replies":[{"embeddable":true,"href":"https:\/\/tvc16.com\/portal\/wp-json\/wp\/v2\/comments?post=13335"}],"version-history":[{"count":1,"href":"https:\/\/tvc16.com\/portal\/wp-json\/wp\/v2\/posts\/13335\/revisions"}],"predecessor-version":[{"id":13337,"href":"https:\/\/tvc16.com\/portal\/wp-json\/wp\/v2\/posts\/13335\/revisions\/13337"}],"wp:featuredmedia":[{"embeddable":true,"href":"https:\/\/tvc16.com\/portal\/wp-json\/wp\/v2\/media\/13336"}],"wp:attachment":[{"href":"https:\/\/tvc16.com\/portal\/wp-json\/wp\/v2\/media?parent=13335"}],"wp:term":[{"taxonomy":"category","embeddable":true,"href":"https:\/\/tvc16.com\/portal\/wp-json\/wp\/v2\/categories?post=13335"},{"taxonomy":"post_tag","embeddable":true,"href":"https:\/\/tvc16.com\/portal\/wp-json\/wp\/v2\/tags?post=13335"}],"curies":[{"name":"wp","href":"https:\/\/api.w.org\/{rel}","templated":true}]}}