{"id":13338,"date":"2021-04-22T16:35:17","date_gmt":"2021-04-22T19:35:17","guid":{"rendered":"https:\/\/tvc16.com\/portal\/?p=13338"},"modified":"2021-04-22T16:35:19","modified_gmt":"2021-04-22T19:35:19","slug":"forcas-de-seguranca-recebem-a-primeira-dose-da-vacina-contra-covid-19","status":"publish","type":"post","link":"https:\/\/tvc16.com\/portal\/2021\/04\/22\/forcas-de-seguranca-recebem-a-primeira-dose-da-vacina-contra-covid-19\/","title":{"rendered":"For\u00e7as de Seguran\u00e7a recebem a primeira dose da vacina contra covid-19"},"content":{"rendered":"\n<p>Depois de integrantes da Pol\u00edcia Militar, chegou a vez de bombeiros, policiais civis, rodovi\u00e1rios federais e guardas civis a receberem a primeira dose da vacina contra a covid-19. A Secretaria Municipal de Sa\u00fade come\u00e7ou, na semana passada, a fazer a entrega de imunizantes para for\u00e7as de seguran\u00e7a que atuam na cidade.<\/p>\n\n\n\n<p>A quantidade de doses enviadas \u00e0s for\u00e7as de seguran\u00e7a segue as determina\u00e7\u00f5es do Governo do Estado. J\u00e1 receberam a primeira dose do imunizante policiais civis das 105\u00aa e 106\u00aa DP \u2013 Retiro e Itaipava, bombeiros do 15\u00ba GBM e agentes da Pol\u00edcia Rodovi\u00e1ria Federal, assim como policiais militares do 26\u00ba BPM. Nesta quinta-feira, guardas civis come\u00e7aram a ganhar a primeira inje\u00e7\u00e3o com a vacina.<\/p>\n\n\n\n<p>A chegada da vacina foi comemorada pelas for\u00e7as de seguran\u00e7a. No 26\u00ba BPM, por exemplo, o n\u00famero de vacinados nessa primeira etapa corresponde a 38% do efetivo da unidade. \u201cNosso servi\u00e7o \u00e9 essencial e constante. A corpora\u00e7\u00e3o n\u00e3o parou durante esse tempo e a exposi\u00e7\u00e3o do policial ao v\u00edrus, mesmo usando todos os meios de preven\u00e7\u00e3o, \u00e9 muito grande, por isso \u00e9 extremamente necess\u00e1ria a imuniza\u00e7\u00e3o desses profissionais\u201d, disse a tenente-coronel Simone de Almeida Silva.<\/p>\n\n\n\n<p>&#8220;A Guarda Civil est\u00e1 na linha frente desde o in\u00edcio, nas equipes de fiscaliza\u00e7\u00e3o e nas barreiras sanit\u00e1rias. Os guardas est\u00e3o em contato com outras pessoas o tempo inteiro. A vacina\u00e7\u00e3o traz mais seguran\u00e7a e tranquilidade para eles trabalharem&#8221;, explica Karina Bronzo, secret\u00e1ria de Servi\u00e7os, Seguran\u00e7a e Ordem P\u00fablica (SSOP).<\/p>\n\n\n\n<p>O delegado Nei Loureiro, titular da 106\u00ba DP (Itaipava), disse que a medida preserva a sa\u00fade dos policiais que est\u00e3o na linha de frente desde o in\u00edcio da pandemia. \u201cAs for\u00e7as de seguran\u00e7a n\u00e3o podem trabalhar em home office e desde o in\u00edcio da pandemia permaneceram em contato direto com a popula\u00e7\u00e3o, sempre zelando pelo bem-estar de toda a sociedade\u201d, enfatiza.<\/p>\n","protected":false},"excerpt":{"rendered":"<p>Depois de integrantes da Pol\u00edcia Militar, chegou a vez de bombeiros, policiais civis, rodovi\u00e1rios federais<\/p>\n","protected":false},"author":2,"featured_media":13339,"comment_status":"open","ping_status":"open","sticky":false,"template":"","format":"standard","meta":{"footnotes":""},"categories":[12],"tags":[],"class_list":["post-13338","post","type-post","status-publish","format-standard","has-post-thumbnail","hentry","category-cidade"],"_links":{"self":[{"href":"https:\/\/tvc16.com\/portal\/wp-json\/wp\/v2\/posts\/13338","targetHints":{"allow":["GET"]}}],"collection":[{"href":"https:\/\/tvc16.com\/portal\/wp-json\/wp\/v2\/posts"}],"about":[{"href":"https:\/\/tvc16.com\/portal\/wp-json\/wp\/v2\/types\/post"}],"author":[{"embeddable":true,"href":"https:\/\/tvc16.com\/portal\/wp-json\/wp\/v2\/users\/2"}],"replies":[{"embeddable":true,"href":"https:\/\/tvc16.com\/portal\/wp-json\/wp\/v2\/comments?post=13338"}],"version-history":[{"count":1,"href":"https:\/\/tvc16.com\/portal\/wp-json\/wp\/v2\/posts\/13338\/revisions"}],"predecessor-version":[{"id":13340,"href":"https:\/\/tvc16.com\/portal\/wp-json\/wp\/v2\/posts\/13338\/revisions\/13340"}],"wp:featuredmedia":[{"embeddable":true,"href":"https:\/\/tvc16.com\/portal\/wp-json\/wp\/v2\/media\/13339"}],"wp:attachment":[{"href":"https:\/\/tvc16.com\/portal\/wp-json\/wp\/v2\/media?parent=13338"}],"wp:term":[{"taxonomy":"category","embeddable":true,"href":"https:\/\/tvc16.com\/portal\/wp-json\/wp\/v2\/categories?post=13338"},{"taxonomy":"post_tag","embeddable":true,"href":"https:\/\/tvc16.com\/portal\/wp-json\/wp\/v2\/tags?post=13338"}],"curies":[{"name":"wp","href":"https:\/\/api.w.org\/{rel}","templated":true}]}}