{"id":13341,"date":"2021-04-23T11:31:33","date_gmt":"2021-04-23T14:31:33","guid":{"rendered":"https:\/\/tvc16.com\/portal\/?p=13341"},"modified":"2021-04-23T11:31:35","modified_gmt":"2021-04-23T14:31:35","slug":"covid-19-975-dos-idosos-retornaram-para-tomar-segunda-dose-da-vacina","status":"publish","type":"post","link":"https:\/\/tvc16.com\/portal\/2021\/04\/23\/covid-19-975-dos-idosos-retornaram-para-tomar-segunda-dose-da-vacina\/","title":{"rendered":"Covid-19: 97,5% dos idosos retornaram para tomar segunda dose da vacina"},"content":{"rendered":"\n<p>Com 48.572 pessoas vacinadas e 19.706 que completaram o ciclo de vacina\u00e7\u00e3o, com a segunda dose do imunizante contra a covid-19, Petr\u00f3polis alcan\u00e7ou 97,5% de imuniza\u00e7\u00e3o entre idosos, cujo prazo para receber a segunda dose do imunizante j\u00e1 venceu. Dados levantados pelo setor de Epidemiologia no \u00faltimo dia 20 mostram que dentre 34.796 idosos que tomaram a primeira dose na cidade, 13.042 completaram o prazo para receber a segunda dose do imunizante. Destes, 12.726 seguiram as orienta\u00e7\u00f5es da Secretaria de Sa\u00fade e retornaram espontaneamente aos pontos de vacina\u00e7\u00e3o para cumprir o ciclo de vacina\u00e7\u00e3o.<\/p>\n\n\n\n<p>\u201cDesde o \u00faltimo levantamento, feito h\u00e1 11 dias, vimos o percentual de idosos que tomaram as duas doses, que j\u00e1 era muito positivo, subir de 86,6% para 97,5%. S\u00e3o dados que mostram que os idosos est\u00e3o aderindo \u00e0 campanha de vacina\u00e7\u00e3o contra a covid-19 e seguindo naturalmente as orienta\u00e7\u00f5es da Secretaria de Sa\u00fade, o que \u00e9 muito positivo\u201d, pontua o prefeito interino Hingo Hammes<\/p>\n\n\n\n<p>O levantamento feito pela equipe do setor de epidemiologia aponta que, dentre 13.042 idosos cujo prazo para a segunda dose j\u00e1 venceu, 316 (2,5%) n\u00e3o compareceram dentro do prazo.<\/p>\n\n\n\n<p>\u201cEm uma semana conseguimos baixar de 13% para 2,5% o percentual de idosos que n\u00e3o compareceram para receber a segunda dose. Com isso superamos a meta de imuniza\u00e7\u00e3o estabelecida pelo Minist\u00e9rio da Sa\u00fade, que \u00e9 de 90%. As equipes de PSFs, que t\u00eam se empenhado na busca pelos idosos que n\u00e3o compareceram, t\u00eam um papel importante para este resultado. Seguiremos trabalhando para imunizar o maior n\u00famero poss\u00edvel de idosos\u201d, destaca o secret\u00e1rio de Sa\u00fade Aloisio Barbosa da Silva Filho.<\/p>\n\n\n\n<p>A Secretaria de Sa\u00fade lembra que, para a aplica\u00e7\u00e3o da segunda dose, n\u00e3o \u00e9 necess\u00e1rio o preenchimento de cadastro. Basta comparecer \u00e0 unidade em que tomou a primeira dose.<\/p>\n","protected":false},"excerpt":{"rendered":"<p>Com 48.572 pessoas vacinadas e 19.706 que completaram o ciclo de vacina\u00e7\u00e3o, com a segunda<\/p>\n","protected":false},"author":2,"featured_media":13263,"comment_status":"open","ping_status":"open","sticky":false,"template":"","format":"standard","meta":{"footnotes":""},"categories":[12],"tags":[],"class_list":["post-13341","post","type-post","status-publish","format-standard","has-post-thumbnail","hentry","category-cidade"],"_links":{"self":[{"href":"https:\/\/tvc16.com\/portal\/wp-json\/wp\/v2\/posts\/13341","targetHints":{"allow":["GET"]}}],"collection":[{"href":"https:\/\/tvc16.com\/portal\/wp-json\/wp\/v2\/posts"}],"about":[{"href":"https:\/\/tvc16.com\/portal\/wp-json\/wp\/v2\/types\/post"}],"author":[{"embeddable":true,"href":"https:\/\/tvc16.com\/portal\/wp-json\/wp\/v2\/users\/2"}],"replies":[{"embeddable":true,"href":"https:\/\/tvc16.com\/portal\/wp-json\/wp\/v2\/comments?post=13341"}],"version-history":[{"count":1,"href":"https:\/\/tvc16.com\/portal\/wp-json\/wp\/v2\/posts\/13341\/revisions"}],"predecessor-version":[{"id":13342,"href":"https:\/\/tvc16.com\/portal\/wp-json\/wp\/v2\/posts\/13341\/revisions\/13342"}],"wp:featuredmedia":[{"embeddable":true,"href":"https:\/\/tvc16.com\/portal\/wp-json\/wp\/v2\/media\/13263"}],"wp:attachment":[{"href":"https:\/\/tvc16.com\/portal\/wp-json\/wp\/v2\/media?parent=13341"}],"wp:term":[{"taxonomy":"category","embeddable":true,"href":"https:\/\/tvc16.com\/portal\/wp-json\/wp\/v2\/categories?post=13341"},{"taxonomy":"post_tag","embeddable":true,"href":"https:\/\/tvc16.com\/portal\/wp-json\/wp\/v2\/tags?post=13341"}],"curies":[{"name":"wp","href":"https:\/\/api.w.org\/{rel}","templated":true}]}}