{"id":13345,"date":"2021-04-23T11:58:35","date_gmt":"2021-04-23T14:58:35","guid":{"rendered":"https:\/\/tvc16.com\/portal\/?p=13345"},"modified":"2021-04-23T11:58:37","modified_gmt":"2021-04-23T14:58:37","slug":"criminoso-e-baleado-durante-abordagem-na-posse","status":"publish","type":"post","link":"https:\/\/tvc16.com\/portal\/2021\/04\/23\/criminoso-e-baleado-durante-abordagem-na-posse\/","title":{"rendered":"Criminoso \u00e9 baleado durante abordagem na Posse"},"content":{"rendered":"\n<p>Na noite desta quinta-feira (22), a Pol\u00edcia Militar recebeu informa\u00e7\u00f5es sobre um homem acusado de traficar drogas na Av. No\u00eamia Alves Rattes, no distrito da Posse. Assim que os agentes chegaram no endere\u00e7o indicado os cachorros do suspeito latiram e ele foi checar o que estava ocorrendo. Logo que percebeu a presen\u00e7a da PM ele tentou fugir, mas acabou sendo encurralado por outro integrante da equipe. Neste momento o homem apontou uma arma para o policial e acabou sendo atingido com um disparo.<\/p>\n\n\n\n<p>Um dos PMs se aproximou do criminoso que estava ferido no ch\u00e3o e mesmo assim o acusado tentou pegar o fuzil do agente. Ap\u00f3s finalmente ser contido o suspeito, que j\u00e1 tinha duas anota\u00e7\u00f5es criminais por tr\u00e1fico de drogas, foi atendido pelo Samu, e encaminhado para o Hospital Santa Teresa. Na casa dele foram apreendidos 25 pinos de coca\u00edna, uma pedra de maconha, duas tiras da mesma droga, um simulacro de pistola (imita\u00e7\u00e3o de arma de fogo), uma balan\u00e7a de precis\u00e3o, R$ 81 em dinheiro, e um caderno com anota\u00e7\u00f5es do tr\u00e1fico.<\/p>\n","protected":false},"excerpt":{"rendered":"<p>Na noite desta quinta-feira (22), a Pol\u00edcia Militar recebeu informa\u00e7\u00f5es sobre um homem acusado de<\/p>\n","protected":false},"author":2,"featured_media":13346,"comment_status":"open","ping_status":"open","sticky":false,"template":"","format":"standard","meta":{"footnotes":""},"categories":[12],"tags":[],"class_list":["post-13345","post","type-post","status-publish","format-standard","has-post-thumbnail","hentry","category-cidade"],"_links":{"self":[{"href":"https:\/\/tvc16.com\/portal\/wp-json\/wp\/v2\/posts\/13345","targetHints":{"allow":["GET"]}}],"collection":[{"href":"https:\/\/tvc16.com\/portal\/wp-json\/wp\/v2\/posts"}],"about":[{"href":"https:\/\/tvc16.com\/portal\/wp-json\/wp\/v2\/types\/post"}],"author":[{"embeddable":true,"href":"https:\/\/tvc16.com\/portal\/wp-json\/wp\/v2\/users\/2"}],"replies":[{"embeddable":true,"href":"https:\/\/tvc16.com\/portal\/wp-json\/wp\/v2\/comments?post=13345"}],"version-history":[{"count":1,"href":"https:\/\/tvc16.com\/portal\/wp-json\/wp\/v2\/posts\/13345\/revisions"}],"predecessor-version":[{"id":13347,"href":"https:\/\/tvc16.com\/portal\/wp-json\/wp\/v2\/posts\/13345\/revisions\/13347"}],"wp:featuredmedia":[{"embeddable":true,"href":"https:\/\/tvc16.com\/portal\/wp-json\/wp\/v2\/media\/13346"}],"wp:attachment":[{"href":"https:\/\/tvc16.com\/portal\/wp-json\/wp\/v2\/media?parent=13345"}],"wp:term":[{"taxonomy":"category","embeddable":true,"href":"https:\/\/tvc16.com\/portal\/wp-json\/wp\/v2\/categories?post=13345"},{"taxonomy":"post_tag","embeddable":true,"href":"https:\/\/tvc16.com\/portal\/wp-json\/wp\/v2\/tags?post=13345"}],"curies":[{"name":"wp","href":"https:\/\/api.w.org\/{rel}","templated":true}]}}