{"id":13351,"date":"2021-04-23T15:07:36","date_gmt":"2021-04-23T18:07:36","guid":{"rendered":"https:\/\/tvc16.com\/portal\/?p=13351"},"modified":"2021-04-23T15:07:38","modified_gmt":"2021-04-23T18:07:38","slug":"rio-pode-avancar-no-calendario-de-vacinacao-se-receber-mais-doses-hoje","status":"publish","type":"post","link":"https:\/\/tvc16.com\/portal\/2021\/04\/23\/rio-pode-avancar-no-calendario-de-vacinacao-se-receber-mais-doses-hoje\/","title":{"rendered":"Rio pode avan\u00e7ar no calend\u00e1rio de vacina\u00e7\u00e3o se receber mais doses hoje"},"content":{"rendered":"\n<h3 class=\"wp-block-heading\">Expectativa \u00e9 ter de 150 mil a 154 mil doses a mais nesta sexta-feira<\/h3>\n\n\n\n<h4 class=\"wp-block-heading\">Por Cristina Indio do Brasil &#8211; Rep\u00f3rter da Ag\u00eancia Brasil &#8211; Rio de Janeiro<\/h4>\n\n\n\n<p>A prefeitura do Rio de Janeiro preparou um calend\u00e1rio de vacina\u00e7\u00e3o, com in\u00edcio na segunda-feira (26), mas ainda n\u00e3o tem doses suficientes para continuar com a imuniza\u00e7\u00e3o. Segundo o secret\u00e1rio municipal de Sa\u00fade, Daniel Soranz, a expectativa \u00e9 receber, ainda nesta sexta-feira, de 150 mil a 154 mil doses do Minist\u00e9rio da Sa\u00fade. Se isso ocorrer, a semana que vem come\u00e7ar\u00e1 com a vacina\u00e7\u00e3o de pessoas da lista de prioridades definida pelo minist\u00e9rio, entre as quais, aquelas que t\u00eam defici\u00eancia f\u00edsica, auditiva, intelectual, psicossocial (mental), m\u00faltipla e de transtorno com espectro autista.<img decoding=\"async\" src=\"https:\/\/agenciabrasil.ebc.com.br\/ebc.png?id=1407652&amp;o=node\"><img decoding=\"async\" src=\"https:\/\/agenciabrasil.ebc.com.br\/ebc.gif?id=1407652&amp;o=node\"><\/p>\n\n\n\n<p>Todas essas pessoas t\u00eam que apresentar laudo m\u00e9dico, cart\u00f5es de gratuidade no transporte p\u00fablico, receitu\u00e1rio, ou outro documento que comprove a condi\u00e7\u00e3o. A Secretaria Municipal de Sa\u00fade (SMS) combinou a lista de prioridades com faixas et\u00e1rias e, com isso, na segunda-feira, come\u00e7am a ser vacinadas pessoas com 59 anos.<\/p>\n\n\n\n<p>Na lista das categorias essenciais que ser\u00e3o vacinadas na nova etapa, tamb\u00e9m est\u00e3o inclu\u00eddos os rodovi\u00e1rios. O secret\u00e1rio destacou a import\u00e2ncia de inclus\u00e3o das gr\u00e1vidas com comorbidades na ordem de vacina\u00e7\u00e3o, mas disse que \u00e9 uma decis\u00e3o que cabe \u00e0 gestante e a seu m\u00e9dico. Segundo Soranz, as gestantes que n\u00e3o t\u00eam comorbidades,devem tomar apenas a vacina da gripe. Ele explicou que, se houve alguma mudan\u00e7a no quadro da gestante e ela tomou a vacina contra a gripe, \u00e9 preciso esperar 15 dias para tomar a vacina contra a covid-19. &#8220;No caso das gestantes, a gente s\u00f3 aceita vacina\u00e7\u00e3o com recomenda\u00e7\u00e3o m\u00e9dica\u201d, disse Soranz, ao apresentar o 16\u00ba Boletim Epidemiol\u00f3gico.<\/p>\n\n\n\n<h2 class=\"wp-block-heading\">Postos<\/h2>\n\n\n\n<p>O n\u00famero de postos de vacina\u00e7\u00e3o disponibilizados pela prefeitura aumenta a cada dia. Para auxiliar na imuniza\u00e7\u00e3o, agora, ser\u00e3o inclu\u00eddos a Associa\u00e7\u00e3o Brasileira Beneficente de Reabilita\u00e7\u00e3o (ABBR) e o Instituto Benjamin Constant.<\/p>\n\n\n\n<p>Daniel Soranz reafirmou que a estrat\u00e9gia da prefeitura do Rio \u00e9 avan\u00e7ar o m\u00e1ximo na vacina\u00e7\u00e3o e que, por isso, a secretaria trabalha sempre no limite das doses recebidas. De acordo com o secret\u00e1rio, as vacinas para a segunda dose est\u00e3o garantidas. Ele acrescentou que, toda vez que ocorre atraso na entrega dos imunizantes, o calend\u00e1rio sofre altera\u00e7\u00f5es, ou \u00e9 interrompido.<\/p>\n\n\n\n<h2 class=\"wp-block-heading\">Idosos<\/h2>\n\n\n\n<p>Neste s\u00e1bado (24), deve ser conclu\u00edda a vacina\u00e7\u00e3o de idosos com 60 anos de idade ou mais. O foco na faixa dos 60 foi determinado ap\u00f3s a constata\u00e7\u00e3o de que essas pessoas est\u00e3o entre as que mais se internam e mais t\u00eam probabilidade de morrer de covid-19.<\/p>\n\n\n\n<p>Conforme dados da SMS, quase a totalidade dos idosos j\u00e1 foram vacinados. \u201cPraticamente, vamos chegar muito pr\u00f3ximo de 100% dos idosos com mais de 60 anos vacinados com a primeira dose. Vai ficar faltando ainda a segunda dose, mas \u00e9 um marco importante. \u00c9 uma das capitais que mais avan\u00e7aram na vacina\u00e7\u00e3o de idosos\u201d, disse o superintendente de Vigil\u00e2ncia em Sa\u00fade da SMS, M\u00e1rcio Garcia.<\/p>\n\n\n\n<p>Os n\u00fameros atualizados hoje pelo boletim epidemiol\u00f3gico indicam que j\u00e1 receberam a primeira dose da vacina na cidade 1.333.223 pessoas, o que corresponde a 19,8% da popula\u00e7\u00e3o. O percentual de idosos alcan\u00e7ou 91,2%. Com a segunda dose, h\u00e1 402.324 vacinados, O total dos que receberam as duas doses est\u00e1 em 1.735.547 pessoas.<\/p>\n\n\n\n<p>Soranz ressaltou a import\u00e2ncia da imuniza\u00e7\u00e3o dos idosos e informou que a prefeitura come\u00e7a agora uma cruzada para identificar quem desta parcela da popula\u00e7\u00e3o ainda n\u00e3o se vacinou, incluindo os acamados. Segundo o secret\u00e1rio, nenhum idoso pode ficar sem vacina.<\/p>\n\n\n\n<p>A identifica\u00e7\u00e3o dessas pessoas ser\u00e1 feita em todas as unidades municipais de sa\u00fade e, al\u00e9m do cruzamento de dados, incluir\u00e1 agentes comunit\u00e1rios, m\u00e9dicos e profissionais das equipes de sa\u00fade da fam\u00edlia na intensifica\u00e7\u00e3o do trabalho de busca ativa. \u201cA partir de agora, qualquer idoso pode se vacinar em qualquer unidade de sa\u00fade, a qualquer momento. Essa popula\u00e7\u00e3o \u00e9 priorit\u00e1ria.&#8221;<\/p>\n\n\n\n<h2 class=\"wp-block-heading\">Longa perman\u00eancia<\/h2>\n\n\n\n<p>A vacina\u00e7\u00e3o dos residentes em institui\u00e7\u00f5es de longa perman\u00eancia, ou abrigos de idosos, que foi feita logo no in\u00edcio em janeiro, pode ser uma explica\u00e7\u00e3o para a queda no n\u00famero de casos de covid-19 nesses locais. \u201cSe se contar a primeira dose, a segunda dose, um m\u00eas depois, e mais 15 dias para atingir a prote\u00e7\u00e3o dada pela vacina, esse grupo que se vacinou no fim de janeiro j\u00e1 est\u00e1 imunizado, e o que se v\u00ea \u00e9 que praticamente hoje n\u00e3o tem nenhum surto nessas institui\u00e7\u00f5es\u201d, observou Garcia. Ele destacou que nenhum surto foi registrado em abril. \u201c[Isso] mostra mais uma vez que a vacina \u00e9 eficaz. Ela \u00e9 segura e a melhor medida de preven\u00e7\u00e3o e prote\u00e7\u00e3o que temos em rela\u00e7\u00e3o \u00e0 covid-19.\u201d Para se considerar que houve um surto relacionado \u00e0 covid-19, \u00e9 preciso ter a ocorr\u00eancia de tr\u00eas casos ou mais.<\/p>\n\n\n\n<p>Mais uma vez, o prefeito Eduardo Paes n\u00e3o participou da apresenta\u00e7\u00e3o do boletim epidemiol\u00f3gico. Paes foi diagnosticado com covid-19 na quinta-feira (15) e permanece em isolamento em casa. logo no in\u00edcio da apresenta\u00e7\u00e3o do boletim, o secret\u00e1rio de Fazenda, Pedro Paulo, informou que o prefeito passa bem e continua sendo monitorado pela equipe m\u00e9dica.<\/p>\n\n\n\n<p>Neste ano, o munic\u00edpio do Rio de Janeiro teve 56.230 diagn\u00f3sticos confirmados de covid-19, dos quais 13.688 eram casos graves. Houve 4.807 \u00f3bitos, a incid\u00eancia \u00e9 de 844,1 casos para cada 100 mil habitantes, a taxa de letalidade, de 8,5%, e a de mortalidade, de 72,2 \u00f3bitos para cada 100 mil habitantes.<\/p>\n\n\n\n<p>Segundo M\u00e1rcio Garcia, os atendimentos nos centros de urg\u00eancia e emerg\u00eancia da rede municipal v\u00eam caindo nos \u00faltimos dias. Foi a alta neste indicador, em fevereiro, que acendeu o alerta na prefeitura e determinou o an\u00fancio de medidas restritivas que inclu\u00edram at\u00e9 a parada emergencial de 10 dias, composta inclusive com o adiantamento e cria\u00e7\u00e3o de feriados.<\/p>\n\n\n\n<p>&#8220;O que temos visto nas \u00faltimas semanas \u00e9 uma invers\u00e3o na curva, com tend\u00eancia de redu\u00e7\u00e3o nesses atendimentos.&#8221; De acordo com Garcia, a observa\u00e7\u00e3o continua, para ver se a curva continua caindo, ou se estabiliza. &#8220;\u00c9 um monitoramento que a gente faz, dia a dia aqui, no nosso Centro de Opera\u00e7\u00f5es de Emerg\u00eancia para a covid\u201d, disse Garcia. Ele destacou que o n\u00famero de casos confirmados da doen\u00e7a tem acompanhado o movimento notado na curva de atendimentos de urg\u00eancia e emerg\u00eancia, com redu\u00e7\u00e3o nos \u00faltimos dias.<\/p>\n\n\n\n<p>Garcia destacou que a cronologia da curva de \u00f3bitos \u00e9 mais lenta e eles n\u00e3o aparecem no mesmo tempo em que s\u00e3o registrados os atendimentos nas urg\u00eancias e emerg\u00eancias. O superintendente de Vigil\u00e2ncia em Sa\u00fade afirmou que, quando ocorre o \u00f3bito por covid-19, em m\u00e9dia, isso se d\u00e1 20 dias ap\u00f3s o in\u00edcio dos sintomas. \u201cNa curva de \u00f3bitos, ainda se v\u00ea tend\u00eancia de aumento, mas esperamos que, assim como na curva de casos, que j\u00e1 entrou em decl\u00ednio, ela siga o mesmo sentido e, depois da subida, comece a cair.\u201d<\/p>\n\n\n\n<p>Soranz destacou que houve avan\u00e7o na metodologia de an\u00e1lise dos \u00f3bitos e menos atraso na entrada dessas informa\u00e7\u00f5es no sistema de acompanhamento. \u201cConseguimos agora, praticamente em tempo real, informar o registro do \u00f3bito com atraso de poucos dias, igualando a notifica\u00e7\u00e3o dos casos praticamente com a data da divulga\u00e7\u00e3o, o que torna o dado muito mais oportuno para que possa ser usado de maneira muito melhor\u201d, afirmou.<\/p>\n\n\n\n<p>O secret\u00e1rio de Fazenda, Pedro Paulo, informou que agora o prazo para os dados de \u00f3bitos \u00e9 de cinco dias. \u201cEm cinco dias, n\u00f3s j\u00e1 temos o dado atualizado , o que d\u00e1 muito mais precis\u00e3o no n\u00famero de \u00f3bitos na cidade. Esses n\u00fameros est\u00e3o muito mais bem apurados e transparentes\u201d, afirmou.<\/p>\n\n\n\n<p>Edi\u00e7\u00e3o: N\u00e1dia Franco<\/p>\n","protected":false},"excerpt":{"rendered":"<p>Expectativa \u00e9 ter de 150 mil a 154 mil doses a mais nesta sexta-feira Por<\/p>\n","protected":false},"author":2,"featured_media":13352,"comment_status":"open","ping_status":"open","sticky":false,"template":"","format":"standard","meta":{"footnotes":""},"categories":[17],"tags":[],"class_list":["post-13351","post","type-post","status-publish","format-standard","has-post-thumbnail","hentry","category-outras-noticias"],"_links":{"self":[{"href":"https:\/\/tvc16.com\/portal\/wp-json\/wp\/v2\/posts\/13351","targetHints":{"allow":["GET"]}}],"collection":[{"href":"https:\/\/tvc16.com\/portal\/wp-json\/wp\/v2\/posts"}],"about":[{"href":"https:\/\/tvc16.com\/portal\/wp-json\/wp\/v2\/types\/post"}],"author":[{"embeddable":true,"href":"https:\/\/tvc16.com\/portal\/wp-json\/wp\/v2\/users\/2"}],"replies":[{"embeddable":true,"href":"https:\/\/tvc16.com\/portal\/wp-json\/wp\/v2\/comments?post=13351"}],"version-history":[{"count":1,"href":"https:\/\/tvc16.com\/portal\/wp-json\/wp\/v2\/posts\/13351\/revisions"}],"predecessor-version":[{"id":13353,"href":"https:\/\/tvc16.com\/portal\/wp-json\/wp\/v2\/posts\/13351\/revisions\/13353"}],"wp:featuredmedia":[{"embeddable":true,"href":"https:\/\/tvc16.com\/portal\/wp-json\/wp\/v2\/media\/13352"}],"wp:attachment":[{"href":"https:\/\/tvc16.com\/portal\/wp-json\/wp\/v2\/media?parent=13351"}],"wp:term":[{"taxonomy":"category","embeddable":true,"href":"https:\/\/tvc16.com\/portal\/wp-json\/wp\/v2\/categories?post=13351"},{"taxonomy":"post_tag","embeddable":true,"href":"https:\/\/tvc16.com\/portal\/wp-json\/wp\/v2\/tags?post=13351"}],"curies":[{"name":"wp","href":"https:\/\/api.w.org\/{rel}","templated":true}]}}