{"id":13354,"date":"2021-04-23T15:08:37","date_gmt":"2021-04-23T18:08:37","guid":{"rendered":"https:\/\/tvc16.com\/portal\/?p=13354"},"modified":"2021-04-23T15:08:39","modified_gmt":"2021-04-23T18:08:39","slug":"chuvas-deixam-a-regiao-norte-em-estado-de-atencao","status":"publish","type":"post","link":"https:\/\/tvc16.com\/portal\/2021\/04\/23\/chuvas-deixam-a-regiao-norte-em-estado-de-atencao\/","title":{"rendered":"Chuvas deixam a Regi\u00e3o Norte em estado de aten\u00e7\u00e3o"},"content":{"rendered":"\n<h3 class=\"wp-block-heading\">Defesa Civil do Amazonas diz que 13 cidades decretaram emerg\u00eancia<\/h3>\n\n\n\n<h4 class=\"wp-block-heading\">Por Alex Rodrigues &#8211; Rep\u00f3rter da Ag\u00eancia Brasil &#8211; Bras\u00edlia<\/h4>\n\n\n\n<p>As chuvas que atingem parte da Regi\u00e3o Norte do Brasil&nbsp; continuam causando a eleva\u00e7\u00e3o do n\u00edvel dos rios que cortam o estado do Amazonas, mantendo a popula\u00e7\u00e3o e as autoridades de v\u00e1rias cidades em estado de aten\u00e7\u00e3o.<img decoding=\"async\" src=\"https:\/\/agenciabrasil.ebc.com.br\/ebc.png?id=1407650&amp;o=node\"><img decoding=\"async\" src=\"https:\/\/agenciabrasil.ebc.com.br\/ebc.gif?id=1407650&amp;o=node\"><\/p>\n\n\n\n<p>No aviso de riscos geo-hidrol\u00f3gicos que divulgou hoje (23), o Centro Nacional de Monitoramento e Alertas de Desastres Naturais (Cemaden) aponta como \u201calta\u201d a possibilidade de ocorr\u00eancia de enchentes na capital, Manaus, e em cidades vizinhas, j\u00e1 que o volume d\u00b4\u00e1gua no rio Amazonas continua aumentando.<\/p>\n\n\n\n<p>Quinze bairros geralmente impactados pelas cheias do rio Negro v\u00eam sendo monitorados h\u00e1 semanas. Segundo a assessoria da Defesa Civil de Manaus, cerca de cinco mil fam\u00edlias vivem nestas localidades &#8211; as que moram em \u00e1reas de maior risco est\u00e3o sendo cadastradas pela prefeitura e, caso o n\u00edvel do rio Negro atinja a marca de 29,40 metros de profundidade, ter\u00e3o que deixar suas casas. Hoje, o n\u00edvel, que vem subindo ininterruptamente h\u00e1 mais de m\u00eas, chegou a 28,61 metros.<\/p>\n\n\n\n<p>Em uma nota divulgada em seu site no \u00faltimo dia 12, a prefeitura de Manaus afirmou que a cheia deste ano deve ser uma das mais severas dos \u00faltimos tempos. Pontes e passarelas provis\u00f3rias est\u00e3o sendo constru\u00eddas em comunidades da orla e da zona rural para preservar o acesso.&nbsp;<\/p>\n\n\n\n<p>De acordo com o hidr\u00f3logo do Cemaden, Jorge Luiz Barbarotto J\u00fanior, a lenta e gradual eleva\u00e7\u00e3o do n\u00edvel do rio Amazonas e de alguns de seus principais afluentes, como o Negro, tende a durar meses, dependendo do volume das chuvas.<\/p>\n\n\n\n<p>\u201cO que causa a maior eleva\u00e7\u00e3o do n\u00edvel dos rios amaz\u00f4nicos s\u00e3o as precipita\u00e7\u00f5es an\u00f4malas, ou seja, chuvas al\u00e9m da m\u00e9dia normal para todo o per\u00edodo. No momento, eu n\u00e3o saberia precisar a quantidade, mas est\u00e1 chovendo bastante. Devido a este ac\u00famulo, o n\u00edvel dos rios da regi\u00e3o vem subindo h\u00e1 meses e, no caso do rio Negro, est\u00e1 chegando pr\u00f3ximo \u00e0 cota de inunda\u00e7\u00e3o severa. Da\u00ed o alto risco para Manaus, j\u00e1 que, por seu porte, a cidade est\u00e1 suscept\u00edvel de sofrer danos maiores\u201d, explicou J\u00fanior \u00e0&nbsp;<strong>Ag\u00eancia Brasil<\/strong>.<\/p>\n\n\n\n<h2 class=\"wp-block-heading\">Outras regi\u00f5es<\/h2>\n\n\n\n<p>O Cemaden tamb\u00e9m alertou, hoje (23), sobre a \u201cmoderada\u201d possibilidade de ocorr\u00eancias nas mesorregi\u00f5es Sudoeste, Sul e Centro do Amazonas, devido \u00e0 eleva\u00e7\u00e3o gradual dos rios Juru\u00e1, Purus e Solim\u00f5es\/Amazonas.<\/p>\n\n\n\n<p>Al\u00e9m disso, para as mesorregi\u00f5es do Baixo Amazonas, entre o norte do Par\u00e1 e o Amap\u00e1 e as bacias dos rios Tapaj\u00f3s, Xingu e Parauapebas, no Par\u00e1, o centro considera moderada a probabilidade de inunda\u00e7\u00f5es pontuais e alagamento tempor\u00e1rio de \u00e1reas rebaixadas devido a pancadas de chuvas mais fortes ao longo desta sexta-feira.<\/p>\n\n\n\n<p>De acordo com a Defesa Civil estadual, 13 cidades amazonenses decretaram situa\u00e7\u00e3o de emerg\u00eancia devido a inunda\u00e7\u00f5es causadas pela cheia dos rios nos \u00faltimos meses. Sete delas ficam na calha do rio Juru\u00e1 (Guajar\u00e1, Envira, Eirunep\u00e9, Itamarati, Ipixuna, Carauari e Juru\u00e1); cinco na calha do rio Purus (Pauini; Boca do Acre; L\u00e1brea; Canutama e Tapau\u00e1) e uma na calha do Rio Madeira (Borba).<\/p>\n\n\n\n<p>Al\u00e9m destas, outros 24 munic\u00edpios amazonenses estavam em estado de alerta na data do \u00faltimo balan\u00e7o divulgado pela Defesa Civil estadual, no \u00faltimo dia 19. S\u00e3o eles: Manaus, na calha do Rio Negro; Manicor\u00e9, Novo Aripuan\u00e3 e Nova Olinda do Norte (rio Madeira); Anori, Caapiranga, Manacapuru, Iranduba, Manaquiri e Careiro Castanho (Baixo Solim\u00f5es); Barreirinha, Boa Vista do Ramos, Nhamund\u00e1, Urucar\u00e1, S\u00e3o Sebasti\u00e3o do Uatum\u00e3, Parintins e Mau\u00e9s (Baixo Amazonas) e Atalaia do Norte, Benjamin Constant, Tabatinga, S\u00e3o Paulo de Oliven\u00e7a, Amatur\u00e1, Santo Ant\u00f4nio do I\u00e7a e Tonantins, na calha do Alto Solim\u00f5es.<\/p>\n\n\n\n<p>Em apenas sete munic\u00edpios da calha do rio Juru\u00e1 (Guajar\u00e1, Eirunep\u00e9, Envira, Ipixuna, Carauari, Itamarati e Juru\u00e1), a situa\u00e7\u00e3o afetou, de alguma forma, 60.324 pessoas. J\u00e1 na calha do Purus, a Defesa Civil estadual calcula que ao menos 44.481 pessoas foram afetadas at\u00e9 o \u00faltimo dia 19, principalmente em Boca do Acre, que decretou situa\u00e7\u00e3o de emerg\u00eancia em meados de fevereiro.<\/p>\n\n\n\n<p>Ainda no come\u00e7o de mar\u00e7o, o governo estadual criou a Opera\u00e7\u00e3o Enchente 2021, prometendo destinar R$ 67 milh\u00f5es para a\u00e7\u00f5es de ajuda humanit\u00e1ria, como a doa\u00e7\u00e3o de cestas b\u00e1sicas; instala\u00e7\u00e3o de abrigos e de esta\u00e7\u00f5es de tratamento de \u00e1gua; cr\u00e9dito financeiro e anistia de d\u00edvidas, entre outras iniciativas.&nbsp;<\/p>\n\n\n\n<p>Ao anunciar a opera\u00e7\u00e3o, o governador Wilson Lima afirmou que ao menos 50 cidades amazonenses devem ser diretamente atingidas pelas enchentes deste ano. \u201cEstamos trabalhando com a previs\u00e3o de que mais de 50 munic\u00edpios sejam afetados pela enchente, e isso envolve aproximadamente 400 mil pessoas\u201d, explicou Wilson Lima.<\/p>\n\n\n\n<p>Edi\u00e7\u00e3o: Kleber Sampaio<\/p>\n","protected":false},"excerpt":{"rendered":"<p>Defesa Civil do Amazonas diz que 13 cidades decretaram emerg\u00eancia Por Alex Rodrigues &#8211; Rep\u00f3rter<\/p>\n","protected":false},"author":2,"featured_media":13355,"comment_status":"open","ping_status":"open","sticky":false,"template":"","format":"standard","meta":{"footnotes":""},"categories":[17],"tags":[],"class_list":["post-13354","post","type-post","status-publish","format-standard","has-post-thumbnail","hentry","category-outras-noticias"],"_links":{"self":[{"href":"https:\/\/tvc16.com\/portal\/wp-json\/wp\/v2\/posts\/13354","targetHints":{"allow":["GET"]}}],"collection":[{"href":"https:\/\/tvc16.com\/portal\/wp-json\/wp\/v2\/posts"}],"about":[{"href":"https:\/\/tvc16.com\/portal\/wp-json\/wp\/v2\/types\/post"}],"author":[{"embeddable":true,"href":"https:\/\/tvc16.com\/portal\/wp-json\/wp\/v2\/users\/2"}],"replies":[{"embeddable":true,"href":"https:\/\/tvc16.com\/portal\/wp-json\/wp\/v2\/comments?post=13354"}],"version-history":[{"count":1,"href":"https:\/\/tvc16.com\/portal\/wp-json\/wp\/v2\/posts\/13354\/revisions"}],"predecessor-version":[{"id":13356,"href":"https:\/\/tvc16.com\/portal\/wp-json\/wp\/v2\/posts\/13354\/revisions\/13356"}],"wp:featuredmedia":[{"embeddable":true,"href":"https:\/\/tvc16.com\/portal\/wp-json\/wp\/v2\/media\/13355"}],"wp:attachment":[{"href":"https:\/\/tvc16.com\/portal\/wp-json\/wp\/v2\/media?parent=13354"}],"wp:term":[{"taxonomy":"category","embeddable":true,"href":"https:\/\/tvc16.com\/portal\/wp-json\/wp\/v2\/categories?post=13354"},{"taxonomy":"post_tag","embeddable":true,"href":"https:\/\/tvc16.com\/portal\/wp-json\/wp\/v2\/tags?post=13354"}],"curies":[{"name":"wp","href":"https:\/\/api.w.org\/{rel}","templated":true}]}}