{"id":13357,"date":"2021-04-23T15:11:26","date_gmt":"2021-04-23T18:11:26","guid":{"rendered":"https:\/\/tvc16.com\/portal\/?p=13357"},"modified":"2021-04-23T15:11:28","modified_gmt":"2021-04-23T18:11:28","slug":"japao-declara-terceiro-estado-de-emergencia","status":"publish","type":"post","link":"https:\/\/tvc16.com\/portal\/2021\/04\/23\/japao-declara-terceiro-estado-de-emergencia\/","title":{"rendered":"Jap\u00e3o declara terceiro estado de emerg\u00eancia"},"content":{"rendered":"\n<h3 class=\"wp-block-heading\">Al\u00e9m da capital, medida vale para Kyoto, Osaca e Hyogo<\/h3>\n\n\n\n<h4 class=\"wp-block-heading\">Por RTP &#8211; T\u00f3quio<\/h4>\n\n\n\n<p>O primeiro-ministro japon\u00eas, Yoshihide Suga, decretou&nbsp;hoje (23) o terceiro estado de emerg\u00eancia para T\u00f3quio e mais tr\u00eas prefeituras para conter a propaga\u00e7\u00e3o da covid-19, quando faltam tr\u00eas meses para o in\u00edcio dos Jogos Ol\u00edmpicos no pa\u00eds.<img decoding=\"async\" src=\"https:\/\/agenciabrasil.ebc.com.br\/ebc.png?id=1407630&amp;o=node\"><img decoding=\"async\" src=\"https:\/\/agenciabrasil.ebc.com.br\/ebc.gif?id=1407630&amp;o=node\"><\/p>\n\n\n\n<p>&#8220;Hoje decidimos declarar o estado de emerg\u00eancia nos departamentos de T\u00f3quio, Kyoto, Osaca e Hyogo&#8221;, anunciou Yoshihide Suga, justificando a medida pelo&nbsp;aumento do n\u00famero das diferentes variantes do SARS-CoV-2 nos novos casos de infe\u00e7\u00e3o.<\/p>\n\n\n\n<p>Yoshihide Suga anunciou que a&nbsp;medida estar\u00e1 em vigor entre 25 de abril e 11 de maio, permitindo que as autoridades determinem&nbsp;o fechamento&nbsp;tempor\u00e1rio de centros comerciais e estabelecimentos que vendam bebidas alco\u00f3licas.<\/p>\n\n\n\n<p>O estado de emerg\u00eancia poder\u00e1 ser estendido se a situa\u00e7\u00e3o n\u00e3o melhorar o suficiente, alertou Shigeru Omi, um dos principais assessores do Executivo sobre a pandemia.<\/p>\n\n\n\n<p>Este \u00e9 o terceiro estado de emerg\u00eancia no Jap\u00e3o desde o in\u00edcio da pandemia e surge apenas um m\u00eas ap\u00f3s o fim do \u00faltimo.<\/p>\n\n\n\n<p>No entanto, desta vez as autoridades t\u00eam mais poderes, ap\u00f3s a legisla\u00e7\u00e3o ter sido refor\u00e7ada em fevereiro.<\/p>\n\n\n\n<p>Com quase meio milh\u00e3o de casos de covid-19 e 10 mil mortes devido \u00e0 doen\u00e7a, o Jap\u00e3o n\u00e3o imp\u00f4s confinamentos.<\/p>\n\n\n\n<p>O fim do estado de emerg\u00eancia dever\u00e1 ocorrer&nbsp;em&nbsp;11 de maio, na v\u00e9spera de uma visita do presidente do Comit\u00ea&nbsp;Ol\u00edmpico Internacional, Thomas Back, o que fez aumentar a especula\u00e7\u00e3o de que o governo estaria priorizando&nbsp;o calend\u00e1rio ol\u00edmpico sobre a sa\u00fade da popula\u00e7\u00e3o.<\/p>\n\n\n\n<p>A campanha de vacina\u00e7\u00e3o no Jap\u00e3o est\u00e1 atrasada em rela\u00e7\u00e3o&nbsp;a muitos pa\u00edses.<\/p>\n\n\n\n<p>A imuniza\u00e7\u00e3o&nbsp;come\u00e7ou em meados de fevereiro, mas os progressos t\u00eam sido lentos devido \u00e0 falta de vacinas e de profissionais de sa\u00fade.<\/p>\n\n\n\n<p>Diante do aumento de casos de covid-19, aumentam&nbsp;as d\u00favidas sobre a possibilidade de realiza\u00e7\u00e3o das Olimp\u00edadas de T\u00f3quio, que t\u00eam in\u00edcio agendado para 23 de julho.&nbsp;Na semana passada, o &#8220;n\u00famero 2&#8221; do Partido Liberal Democr\u00e1tico do Jap\u00e3o (no poder), Toshihiro Nikai, admitiu o cancelamento.<\/p>\n\n\n\n<p>Yoshihide Suga prometeu realizar olimp\u00edadas &#8220;seguras e protegidas&#8221;, afirmando&nbsp;que elas servir\u00e3o como um s\u00edmbolo do triunfo da humanidade sobre a pandemia.<\/p>\n\n\n\n<p>Devido \u00e0 pandemia de covid-19, os Jogos Ol\u00edmpicos e Paral\u00edmpicos T\u00f3quio 2020, previstos para o ver\u00e3o passado, foram adiados em cerca de um ano.<\/p>\n\n\n\n<p>Os Jogos Ol\u00edmpicos v\u00e3o ocorrer&nbsp;entre 23 de julho e 8 de agosto, enquanto os Paral\u00edmpicos entre 24 de agosto e 5 de setembro.<\/p>\n\n\n\n<p>Agora em abril, numa sondagem da Kyodo News, apenas 24,5% dos entrevistados&nbsp;se mostraram favor\u00e1veis ao evento j\u00e1 neste ver\u00e3o, com 39,2% a pedir o cancelamento dos Jogos Ol\u00edmpicos e Paral\u00edmpicos e 32,8% a julgarem melhor um novo adiamento.<\/p>\n\n\n\n<p>Uma pesquisa feita com o setor empresarial, em&nbsp;fevereiro, mostrou&nbsp;que apenas 35% das empresas queriam o evento.<\/p>\n\n\n\n<p>A pandemia de covid-19 provocou, pelo menos, 3.060.859 mortos no mundo, resultantes de mais de 143,8 milh\u00f5es de casos de infec\u00e7\u00e3o, segundo balan\u00e7o da ag\u00eancia francesa AFP.<\/p>\n\n\n\n<p>A doen\u00e7a \u00e9 transmitida pelo&nbsp;novo coronav\u00edrus, detectado no fim&nbsp;de 2019&nbsp;em Wuhan, uma cidade do centro da China.<\/p>\n","protected":false},"excerpt":{"rendered":"<p>Al\u00e9m da capital, medida vale para Kyoto, Osaca e Hyogo Por RTP &#8211; T\u00f3quio O<\/p>\n","protected":false},"author":2,"featured_media":13358,"comment_status":"open","ping_status":"open","sticky":false,"template":"","format":"standard","meta":{"footnotes":""},"categories":[17],"tags":[],"class_list":["post-13357","post","type-post","status-publish","format-standard","has-post-thumbnail","hentry","category-outras-noticias"],"_links":{"self":[{"href":"https:\/\/tvc16.com\/portal\/wp-json\/wp\/v2\/posts\/13357","targetHints":{"allow":["GET"]}}],"collection":[{"href":"https:\/\/tvc16.com\/portal\/wp-json\/wp\/v2\/posts"}],"about":[{"href":"https:\/\/tvc16.com\/portal\/wp-json\/wp\/v2\/types\/post"}],"author":[{"embeddable":true,"href":"https:\/\/tvc16.com\/portal\/wp-json\/wp\/v2\/users\/2"}],"replies":[{"embeddable":true,"href":"https:\/\/tvc16.com\/portal\/wp-json\/wp\/v2\/comments?post=13357"}],"version-history":[{"count":1,"href":"https:\/\/tvc16.com\/portal\/wp-json\/wp\/v2\/posts\/13357\/revisions"}],"predecessor-version":[{"id":13359,"href":"https:\/\/tvc16.com\/portal\/wp-json\/wp\/v2\/posts\/13357\/revisions\/13359"}],"wp:featuredmedia":[{"embeddable":true,"href":"https:\/\/tvc16.com\/portal\/wp-json\/wp\/v2\/media\/13358"}],"wp:attachment":[{"href":"https:\/\/tvc16.com\/portal\/wp-json\/wp\/v2\/media?parent=13357"}],"wp:term":[{"taxonomy":"category","embeddable":true,"href":"https:\/\/tvc16.com\/portal\/wp-json\/wp\/v2\/categories?post=13357"},{"taxonomy":"post_tag","embeddable":true,"href":"https:\/\/tvc16.com\/portal\/wp-json\/wp\/v2\/tags?post=13357"}],"curies":[{"name":"wp","href":"https:\/\/api.w.org\/{rel}","templated":true}]}}