{"id":13360,"date":"2021-04-23T15:12:13","date_gmt":"2021-04-23T18:12:13","guid":{"rendered":"https:\/\/tvc16.com\/portal\/?p=13360"},"modified":"2021-04-23T15:12:15","modified_gmt":"2021-04-23T18:12:15","slug":"stj-ve-risco-de-ruptura-e-barra-funcionamento-de-barragem-da-vale","status":"publish","type":"post","link":"https:\/\/tvc16.com\/portal\/2021\/04\/23\/stj-ve-risco-de-ruptura-e-barra-funcionamento-de-barragem-da-vale\/","title":{"rendered":"STJ v\u00ea risco de ruptura e barra funcionamento de barragem da Vale"},"content":{"rendered":"\n<h3 class=\"wp-block-heading\">Atividades ser\u00e3o interrompidas no munic\u00edpio de Bar\u00e3o de Cocais<\/h3>\n\n\n\n<h4 class=\"wp-block-heading\">Por Felipe Pontes &#8211; Rep\u00f3rter da Ag\u00eancia Brasil &#8211; Bras\u00edlia<\/h4>\n\n\n\n<p>A Corte Especial do Superior Tribunal de Justi\u00e7a (STJ) decidiu ontem (22), por unanimidade, restabelecer uma decis\u00e3o que impede a retomada de atividades na&nbsp;<a href=\"https:\/\/agenciabrasil.ebc.com.br\/geral\/noticia\/2021-02\/vale-removera-mais-familias-por-causa-de-riscos-em-barragens\" target=\"_blank\" rel=\"noreferrer noopener\">barragem Norte Larajeiras<\/a>, da mineradora Vale, em Bar\u00e3o de Cocais, munic\u00edpio mineiro de cerca de 32 mil habitantes.&nbsp;&nbsp;<img decoding=\"async\" src=\"https:\/\/agenciabrasil.ebc.com.br\/ebc.png?id=1407628&amp;o=node\"><img decoding=\"async\" src=\"https:\/\/agenciabrasil.ebc.com.br\/ebc.gif?id=1407628&amp;o=node\"><\/p>\n\n\n\n<p>A barragem abriga rejeitos da mina de Brucutu, que explora min\u00e9rio de ferro. A decis\u00e3o do STJ foi tomada com base em novas informa\u00e7\u00f5es repassadas pelo Minist\u00e9rio P\u00fablico Federal (MPF), segundo as quais h\u00e1 risco de rompimento.<\/p>\n\n\n\n<p>Relat\u00f3rio recente da Ag\u00eancia Nacional de Minera\u00e7\u00e3o (ANM) constatou \u201cincertezas sobre o comportamento geomec\u00e2nico da barragem e de sua funda\u00e7\u00e3o, e a exist\u00eancia de materiais de baixa resist\u00eancia na estrutura\u201d, segundo informa\u00e7\u00f5es divulgadas pelo STJ.<\/p>\n\n\n\n<p>De acordo com o tribunal, o MPF informou que o estudo realizado no local demonstrou tamb\u00e9m \u201co aparecimento de trincas na estrutura da barragem, cujas causas ainda n\u00e3o foram identificadas\u201d.<\/p>\n\n\n\n<p>Com a decis\u00e3o do STJ, ficou restabelecida uma determina\u00e7\u00e3o da Justi\u00e7a estadual que havia suspendido o funcionamento da barragem ainda em 2019. Esta ordem local encontrava-se sem efeito desde em junho daquele ano, quando foi sustada pelo ministro Jo\u00e3o Ot\u00e1vio de Noronha.<\/p>\n\n\n\n<p>Ontem (22), o ministro disse que decidiu restabelecer a decis\u00e3o da Justi\u00e7a estadual pois o novo relat\u00f3rio da ANM, embora n\u00e3o seja uma per\u00edcia conclusiva, deixou de certificar o funcionamento da barragem e \u201cfala de incertezas sobre a seguran\u00e7a local\u201d.<\/p>\n\n\n\n<p>Em nota, a Vale informou que a decis\u00e3o n\u00e3o tem efeito pr\u00e1tico, pois desde o final de 2019 a companhia j\u00e1 inativou a barragem Norte Laranjeiras. \u201cA Vale continua executando estudos e o monitoramento das condi\u00e7\u00f5es da estrutura, bem como obras para a melhoria da seguran\u00e7a da barragem\u201d, disse a mineradora.<\/p>\n\n\n\n<p>Desde 2019, diversas iniciativas de evacua\u00e7\u00e3o e realoca\u00e7\u00e3o de moradores t\u00eam sido realizadas na regi\u00e3o.&nbsp;<a href=\"https:\/\/agenciabrasil.ebc.com.br\/geral\/noticia\/2021-02\/vale-removera-mais-familias-por-causa-de-riscos-em-barragens\" target=\"_blank\" rel=\"noreferrer noopener\">Em fevereiro<\/a>, foi promovida uma nova retirada de moradores dos arredores da barragem.<\/p>\n\n\n\n<p>Edi\u00e7\u00e3o: Val\u00e9ria Aguiar<\/p>\n","protected":false},"excerpt":{"rendered":"<p>Atividades ser\u00e3o interrompidas no munic\u00edpio de Bar\u00e3o de Cocais Por Felipe Pontes &#8211; Rep\u00f3rter da<\/p>\n","protected":false},"author":2,"featured_media":13361,"comment_status":"open","ping_status":"open","sticky":false,"template":"","format":"standard","meta":{"footnotes":""},"categories":[17],"tags":[],"class_list":["post-13360","post","type-post","status-publish","format-standard","has-post-thumbnail","hentry","category-outras-noticias"],"_links":{"self":[{"href":"https:\/\/tvc16.com\/portal\/wp-json\/wp\/v2\/posts\/13360","targetHints":{"allow":["GET"]}}],"collection":[{"href":"https:\/\/tvc16.com\/portal\/wp-json\/wp\/v2\/posts"}],"about":[{"href":"https:\/\/tvc16.com\/portal\/wp-json\/wp\/v2\/types\/post"}],"author":[{"embeddable":true,"href":"https:\/\/tvc16.com\/portal\/wp-json\/wp\/v2\/users\/2"}],"replies":[{"embeddable":true,"href":"https:\/\/tvc16.com\/portal\/wp-json\/wp\/v2\/comments?post=13360"}],"version-history":[{"count":1,"href":"https:\/\/tvc16.com\/portal\/wp-json\/wp\/v2\/posts\/13360\/revisions"}],"predecessor-version":[{"id":13362,"href":"https:\/\/tvc16.com\/portal\/wp-json\/wp\/v2\/posts\/13360\/revisions\/13362"}],"wp:featuredmedia":[{"embeddable":true,"href":"https:\/\/tvc16.com\/portal\/wp-json\/wp\/v2\/media\/13361"}],"wp:attachment":[{"href":"https:\/\/tvc16.com\/portal\/wp-json\/wp\/v2\/media?parent=13360"}],"wp:term":[{"taxonomy":"category","embeddable":true,"href":"https:\/\/tvc16.com\/portal\/wp-json\/wp\/v2\/categories?post=13360"},{"taxonomy":"post_tag","embeddable":true,"href":"https:\/\/tvc16.com\/portal\/wp-json\/wp\/v2\/tags?post=13360"}],"curies":[{"name":"wp","href":"https:\/\/api.w.org\/{rel}","templated":true}]}}