{"id":13366,"date":"2021-04-23T15:13:53","date_gmt":"2021-04-23T18:13:53","guid":{"rendered":"https:\/\/tvc16.com\/portal\/?p=13366"},"modified":"2021-04-23T15:13:54","modified_gmt":"2021-04-23T18:13:54","slug":"sem-orcamento-censo-nao-sera-realizado-em-2021","status":"publish","type":"post","link":"https:\/\/tvc16.com\/portal\/2021\/04\/23\/sem-orcamento-censo-nao-sera-realizado-em-2021\/","title":{"rendered":"Sem or\u00e7amento, Censo n\u00e3o ser\u00e1 realizado em 2021"},"content":{"rendered":"\n<h3 class=\"wp-block-heading\">Governo explicou sobre vetos em coletiva \u00e0 imprensa<\/h3>\n\n\n\n<h4 class=\"wp-block-heading\">Por Andreia Verd\u00e9lio \u2013 Rep\u00f3rter da Ag\u00eancia Brasil &#8211; Bras\u00edlia<\/h4>\n\n\n\n<p>O Secret\u00e1rio Especial da Fazenda do Minist\u00e9rio da Economia, Waldery Rodrigues, disse hoje (23) que o Censo Demogr\u00e1fico do Instituto Brasileiro de Geografia e Estat\u00edstica (IBGE), que estava previsto para este ano, n\u00e3o ser\u00e1 realizado em raz\u00e3o da falta de or\u00e7amento. \u201cN\u00e3o h\u00e1 previs\u00e3o or\u00e7ament\u00e1ria para o Censo, portanto ele n\u00e3o se realizar\u00e1 em 2021. As consequ\u00eancias e gest\u00e3o para um novo Censo ser\u00e3o comunicadas ao longo desse ano, em particular em decis\u00f5es tomadas na Junta de Execu\u00e7\u00e3o Or\u00e7ament\u00e1ria [formada por Casa Civil e Minist\u00e9rio da Economia]\u201d, declarou o secret\u00e1rio.<img decoding=\"async\" src=\"https:\/\/agenciabrasil.ebc.com.br\/ebc.png?id=1407646&amp;o=node\"><img decoding=\"async\" src=\"https:\/\/agenciabrasil.ebc.com.br\/ebc.gif?id=1407646&amp;o=node\"><\/p>\n\n\n\n<p>Os recursos necess\u00e1rios para o Censo, que acontece, em geral, a cada dez anos, eram da ordem de R$ 2 bilh\u00f5es. Durante a tramita\u00e7\u00e3o do projeto no Congresso Nacional, os parlamentares j\u00e1 haviam feito um corte de R$ 1,76 bilh\u00e3o, agora, foi confirmada a retirada dos recursos. Segundo Waldery, novas decis\u00f5es ser\u00e3o comunicadas oportunamente.<\/p>\n\n\n\n<p>No in\u00edcio do m\u00eas, o IBGE j\u00e1 havia&nbsp;<a href=\"https:\/\/agenciabrasil.ebc.com.br\/economia\/noticia\/2021-04\/ibge-suspende-provas-para-recenseadores-do-censo-2021\" target=\"_blank\" rel=\"noreferrer noopener\">suspendido as provas<\/a>&nbsp;do processo seletivo para recenseadores e agentes censit\u00e1rios que trabalhariam na pesquisa. Cerca de 17 mil agentes censit\u00e1rios e 182 mil recenseadores seriam contratados.<\/p>\n\n\n\n<p>Os dados populacionais do Censo s\u00e3o utilizados para os repasses do Fundo de Participa\u00e7\u00e3o dos Munic\u00edpios (FPM) e para uma s\u00e9rie de outras transfer\u00eancias da Uni\u00e3o para estados e munic\u00edpios. A \u00faltima contagem da popula\u00e7\u00e3o foi realizada no Censo Demogr\u00e1fico de 2010.<\/p>\n\n\n\n<p>Integrantes do governo falaram \u00e0 imprensa sobre os vetos \u00e0 Lei Or\u00e7ament\u00e1ria Anual, que foi&nbsp;<a href=\"https:\/\/agenciabrasil.ebc.com.br\/politica\/noticia\/2021-04\/presidente-sanciona-lei-orcamentaria-de-2021-com-veto-parcial\" target=\"_blank\" rel=\"noreferrer noopener\">sancionada&nbsp;ontem<\/a>&nbsp;(22) pelo presidente Jair Bolsonaro&nbsp;e publicada nesta sexta-feira no&nbsp;<a href=\"https:\/\/www.in.gov.br\/en\/web\/dou\/-\/lei-n-14.144-de-22-de-abril-de-2021-*-315707020\" target=\"_blank\" rel=\"noreferrer noopener\">Di\u00e1rio Oficial da Uni\u00e3o<\/a>.<\/p>\n\n\n\n<p>Os vetos ocorreram porque as proje\u00e7\u00f5es do Minist\u00e9rio da Economia indicam a necessidade de uma recomposi\u00e7\u00e3o de R$ 29 bilh\u00f5es e, com isso, foi necess\u00e1rio abrir um espa\u00e7o no Or\u00e7amento. Essa recomposi\u00e7\u00e3o foi feita em acordo com o Congresso Nacional por meio de um veto parcial de R$ 19,8 bilh\u00f5es de dota\u00e7\u00f5es or\u00e7ament\u00e1rias e o bloqueio adicional de R$ 9,3 bilh\u00f5es.<\/p>\n\n\n\n<p>A diferen\u00e7a entre o veto e o bloqueio \u00e9 que o veto representa um corte definitivo da despesa, enquanto que o bloqueio permite que o valor possa ser desbloqueado ao longo do ano, no caso de novas proje\u00e7\u00f5es indicarem a exist\u00eancia de um novo espa\u00e7o no teto de gastos.<\/p>\n\n\n\n<p>Edi\u00e7\u00e3o: Aline Leal<\/p>\n","protected":false},"excerpt":{"rendered":"<p>Governo explicou sobre vetos em coletiva \u00e0 imprensa Por Andreia Verd\u00e9lio \u2013 Rep\u00f3rter da Ag\u00eancia<\/p>\n","protected":false},"author":2,"featured_media":13367,"comment_status":"open","ping_status":"open","sticky":false,"template":"","format":"standard","meta":{"footnotes":""},"categories":[17],"tags":[],"class_list":["post-13366","post","type-post","status-publish","format-standard","has-post-thumbnail","hentry","category-outras-noticias"],"_links":{"self":[{"href":"https:\/\/tvc16.com\/portal\/wp-json\/wp\/v2\/posts\/13366","targetHints":{"allow":["GET"]}}],"collection":[{"href":"https:\/\/tvc16.com\/portal\/wp-json\/wp\/v2\/posts"}],"about":[{"href":"https:\/\/tvc16.com\/portal\/wp-json\/wp\/v2\/types\/post"}],"author":[{"embeddable":true,"href":"https:\/\/tvc16.com\/portal\/wp-json\/wp\/v2\/users\/2"}],"replies":[{"embeddable":true,"href":"https:\/\/tvc16.com\/portal\/wp-json\/wp\/v2\/comments?post=13366"}],"version-history":[{"count":1,"href":"https:\/\/tvc16.com\/portal\/wp-json\/wp\/v2\/posts\/13366\/revisions"}],"predecessor-version":[{"id":13368,"href":"https:\/\/tvc16.com\/portal\/wp-json\/wp\/v2\/posts\/13366\/revisions\/13368"}],"wp:featuredmedia":[{"embeddable":true,"href":"https:\/\/tvc16.com\/portal\/wp-json\/wp\/v2\/media\/13367"}],"wp:attachment":[{"href":"https:\/\/tvc16.com\/portal\/wp-json\/wp\/v2\/media?parent=13366"}],"wp:term":[{"taxonomy":"category","embeddable":true,"href":"https:\/\/tvc16.com\/portal\/wp-json\/wp\/v2\/categories?post=13366"},{"taxonomy":"post_tag","embeddable":true,"href":"https:\/\/tvc16.com\/portal\/wp-json\/wp\/v2\/tags?post=13366"}],"curies":[{"name":"wp","href":"https:\/\/api.w.org\/{rel}","templated":true}]}}