{"id":13369,"date":"2021-04-23T15:15:00","date_gmt":"2021-04-23T18:15:00","guid":{"rendered":"https:\/\/tvc16.com\/portal\/?p=13369"},"modified":"2021-04-23T15:15:02","modified_gmt":"2021-04-23T18:15:02","slug":"preco-do-pao-frances-devera-ser-fixado-proximo-ao-balcao-de-venda","status":"publish","type":"post","link":"https:\/\/tvc16.com\/portal\/2021\/04\/23\/preco-do-pao-frances-devera-ser-fixado-proximo-ao-balcao-de-venda\/","title":{"rendered":"Pre\u00e7o do p\u00e3o franc\u00eas dever\u00e1 ser fixado pr\u00f3ximo ao balc\u00e3o de venda"},"content":{"rendered":"\n<h3 class=\"wp-block-heading\">Regras de comercializa\u00e7\u00e3o do produto foram publicadas hoje no DOU<\/h3>\n\n\n\n<h4 class=\"wp-block-heading\">Por Ag\u00eancia Brasil &#8211; Bras\u00edlia<\/h4>\n\n\n\n<p>A partir do dia 1\u00b0 de junho, o tradicional p\u00e3o franc\u00eas (ou p\u00e3o de sal) dever\u00e1 ser comercializado com o pre\u00e7o do quilo do produto afixado pr\u00f3ximo ao balc\u00e3o de venda, em local de f\u00e1cil visualiza\u00e7\u00e3o pelo consumidor, al\u00e9m de ser grafado com d\u00edgitos de pelo menos 5 cent\u00edmetros de altura.<img decoding=\"async\" src=\"https:\/\/agenciabrasil.ebc.com.br\/ebc.png?id=1407618&amp;o=node\"><img decoding=\"async\" src=\"https:\/\/agenciabrasil.ebc.com.br\/ebc.gif?id=1407618&amp;o=node\"><\/p>\n\n\n\n<p>As determina\u00e7\u00f5es sobre como o produto deve ser comercializado&nbsp;<a href=\"https:\/\/www.in.gov.br\/en\/web\/dou\/-\/portaria-inmetro-n-181-de-21-de-abril-de-2021-315586739\" target=\"_blank\" rel=\"noreferrer noopener\">constam de uma portaria<\/a>&nbsp;do Instituto Nacional de Metrologia, Qualidade e Tecnologia (Inmetro) publicada hoje (23), no Di\u00e1rio Oficial da Uni\u00e3o.<\/p>\n\n\n\n<p>A portaria acrescenta que a balan\u00e7a a ser utilizada deve ter, como caracter\u00edstica, um medidor com divis\u00e3o igual ou menor a cinco gramas, al\u00e9m da indica\u00e7\u00e3o de peso e pre\u00e7o a pagar.<\/p>\n\n\n\n<p><em>*T\u00edtulo e primeiro par\u00e1grafos alterados \u00e0s 11h05 e \u00e0s 11h29. As novas regras do Inmetro dizem respeito ao local de fixa\u00e7\u00e3o do pre\u00e7o do produto, por peso, e descrevem como deve ser a comercializa\u00e7\u00e3o. A venda continua sendo por peso.<\/em><\/p>\n\n\n\n<p>Edi\u00e7\u00e3o: Denise Griesinger<\/p>\n","protected":false},"excerpt":{"rendered":"<p>Regras de comercializa\u00e7\u00e3o do produto foram publicadas hoje no DOU Por Ag\u00eancia Brasil &#8211; Bras\u00edlia<\/p>\n","protected":false},"author":2,"featured_media":13370,"comment_status":"open","ping_status":"open","sticky":false,"template":"","format":"standard","meta":{"footnotes":""},"categories":[17],"tags":[],"class_list":["post-13369","post","type-post","status-publish","format-standard","has-post-thumbnail","hentry","category-outras-noticias"],"_links":{"self":[{"href":"https:\/\/tvc16.com\/portal\/wp-json\/wp\/v2\/posts\/13369","targetHints":{"allow":["GET"]}}],"collection":[{"href":"https:\/\/tvc16.com\/portal\/wp-json\/wp\/v2\/posts"}],"about":[{"href":"https:\/\/tvc16.com\/portal\/wp-json\/wp\/v2\/types\/post"}],"author":[{"embeddable":true,"href":"https:\/\/tvc16.com\/portal\/wp-json\/wp\/v2\/users\/2"}],"replies":[{"embeddable":true,"href":"https:\/\/tvc16.com\/portal\/wp-json\/wp\/v2\/comments?post=13369"}],"version-history":[{"count":1,"href":"https:\/\/tvc16.com\/portal\/wp-json\/wp\/v2\/posts\/13369\/revisions"}],"predecessor-version":[{"id":13371,"href":"https:\/\/tvc16.com\/portal\/wp-json\/wp\/v2\/posts\/13369\/revisions\/13371"}],"wp:featuredmedia":[{"embeddable":true,"href":"https:\/\/tvc16.com\/portal\/wp-json\/wp\/v2\/media\/13370"}],"wp:attachment":[{"href":"https:\/\/tvc16.com\/portal\/wp-json\/wp\/v2\/media?parent=13369"}],"wp:term":[{"taxonomy":"category","embeddable":true,"href":"https:\/\/tvc16.com\/portal\/wp-json\/wp\/v2\/categories?post=13369"},{"taxonomy":"post_tag","embeddable":true,"href":"https:\/\/tvc16.com\/portal\/wp-json\/wp\/v2\/tags?post=13369"}],"curies":[{"name":"wp","href":"https:\/\/api.w.org\/{rel}","templated":true}]}}