{"id":13372,"date":"2021-04-23T15:15:57","date_gmt":"2021-04-23T18:15:57","guid":{"rendered":"https:\/\/tvc16.com\/portal\/?p=13372"},"modified":"2021-04-23T15:15:59","modified_gmt":"2021-04-23T18:15:59","slug":"cnm-aponta-591-municipios-com-risco-de-falta-de-kit-intubacao","status":"publish","type":"post","link":"https:\/\/tvc16.com\/portal\/2021\/04\/23\/cnm-aponta-591-municipios-com-risco-de-falta-de-kit-intubacao\/","title":{"rendered":"CNM aponta 591 munic\u00edpios com risco de falta de kit intuba\u00e7\u00e3o"},"content":{"rendered":"\n<h3 class=\"wp-block-heading\">Dados s\u00e3o da pesquisa semanal da confedera\u00e7\u00e3o com 2.096 munic\u00edpios<\/h3>\n\n\n\n<h4 class=\"wp-block-heading\">Por Karine Melo &#8211; Rep\u00f3rter Ag\u00eancia Brasil &#8211; Bras\u00edlia<\/h4>\n\n\n\n<p>Pelo menos 591 munic\u00edpios brasileiros est\u00e3o preocupados com o risco de n\u00e3o terem o&nbsp;<em>kit<\/em>&nbsp;intuba\u00e7\u00e3o para atendimento aos pacientes com a covid-19 internados. Os dados constam da quinta pesquisa semanal feita pela Confedera\u00e7\u00e3o Nacional de Munic\u00edpios (CNM) para apurar os desafios enfrentados pelos entes locais no combate \u00e0 pandemia da covid-19.&nbsp;<img decoding=\"async\" src=\"https:\/\/agenciabrasil.ebc.com.br\/ebc.png?id=1407633&amp;o=node\"><img decoding=\"async\" src=\"https:\/\/agenciabrasil.ebc.com.br\/ebc.gif?id=1407633&amp;o=node\"><\/p>\n\n\n\n<p>Segundo a entidade, embora nesta semana tenha havido uma queda nesses n\u00fameros, na compara\u00e7\u00e3o com a semana anterior, a quantidade de munic\u00edpios com falta de&nbsp;<em>kits<\/em>&nbsp;ainda \u00e9 considerada preocupante.&nbsp;<\/p>\n\n\n\n<p>Esta semana, a CNM tamb\u00e9m perguntou aos gestores se, durante este ano, o hospital da regi\u00e3o enfrentou problemas relacionados \u00e0 falta do&nbsp;<em>kit&nbsp;<\/em>intuba\u00e7\u00e3o. Para 35,5% (745) das prefeituras ouvidas a resposta foi sim. Em contrapartida, 57,4% (1.203) indicaram que n\u00e3o houve esse problema.<\/p>\n\n\n\n<h2 class=\"wp-block-heading\">Oxig\u00eanio<\/h2>\n\n\n\n<p>Quando o assunto \u00e9 a falta de oxig\u00eanio, \u00e9 uma preocupa\u00e7\u00e3o para 8,2% (171) dos munic\u00edpios pesquisados. \u201cIsso indica que este problema semana a semana est\u00e1 sendo resolvido. Em 89,5% (1.875) das cidades n\u00e3o houve esse risco nesta semana\u201d, diz a entidade.<\/p>\n\n\n\n<h2 class=\"wp-block-heading\">Vacinas<\/h2>\n\n\n\n<p>A aplica\u00e7\u00e3o da primeira dose da vacina contra a covid-19 no grupo priorit\u00e1rio foi paralisada nesta semana por falta de imunizantes em 23,8% (499) dos munic\u00edpios que responderam \u00e0 consulta. J\u00e1 (1.554) 74,1% afirmaram haver vacinas dispon\u00edveis.<\/p>\n\n\n\n<h2 class=\"wp-block-heading\">Upas<\/h2>\n\n\n\n<p>Sobre a exist\u00eancia de pacientes com a covid-19 internados em Unidades de Pronto Atendimento (Upas), 13% dos munic\u00edpios (273) responderam que est\u00e1 ocorrendo. J\u00e1 83,8% (1.757) afirmaram n\u00e3o estar com esse problema nesta semana.<\/p>\n\n\n\n<h2 class=\"wp-block-heading\">Aux\u00edlio<\/h2>\n\n\n\n<p>A pesquisa revela ainda que para 23% dos munic\u00edpios (482) respondentes, o governo estadual instituiu algum aux\u00edlio emergencial para a popula\u00e7\u00e3o e ou as empresas em decorr\u00eancia da pandemia da covid-19, e em 70,8% (1485) ainda n\u00e3o foi feito nada nesse sentido.<\/p>\n\n\n\n<p>A pesquisa ouviu, de 19 a 22 de abril, 2.096 dos 5.568 munic\u00edpios.<\/p>\n\n\n\n<p>Edi\u00e7\u00e3o: Fernando Fraga<\/p>\n","protected":false},"excerpt":{"rendered":"<p>Dados s\u00e3o da pesquisa semanal da confedera\u00e7\u00e3o com 2.096 munic\u00edpios Por Karine Melo &#8211; Rep\u00f3rter<\/p>\n","protected":false},"author":2,"featured_media":13373,"comment_status":"open","ping_status":"open","sticky":false,"template":"","format":"standard","meta":{"footnotes":""},"categories":[17],"tags":[],"class_list":["post-13372","post","type-post","status-publish","format-standard","has-post-thumbnail","hentry","category-outras-noticias"],"_links":{"self":[{"href":"https:\/\/tvc16.com\/portal\/wp-json\/wp\/v2\/posts\/13372","targetHints":{"allow":["GET"]}}],"collection":[{"href":"https:\/\/tvc16.com\/portal\/wp-json\/wp\/v2\/posts"}],"about":[{"href":"https:\/\/tvc16.com\/portal\/wp-json\/wp\/v2\/types\/post"}],"author":[{"embeddable":true,"href":"https:\/\/tvc16.com\/portal\/wp-json\/wp\/v2\/users\/2"}],"replies":[{"embeddable":true,"href":"https:\/\/tvc16.com\/portal\/wp-json\/wp\/v2\/comments?post=13372"}],"version-history":[{"count":1,"href":"https:\/\/tvc16.com\/portal\/wp-json\/wp\/v2\/posts\/13372\/revisions"}],"predecessor-version":[{"id":13374,"href":"https:\/\/tvc16.com\/portal\/wp-json\/wp\/v2\/posts\/13372\/revisions\/13374"}],"wp:featuredmedia":[{"embeddable":true,"href":"https:\/\/tvc16.com\/portal\/wp-json\/wp\/v2\/media\/13373"}],"wp:attachment":[{"href":"https:\/\/tvc16.com\/portal\/wp-json\/wp\/v2\/media?parent=13372"}],"wp:term":[{"taxonomy":"category","embeddable":true,"href":"https:\/\/tvc16.com\/portal\/wp-json\/wp\/v2\/categories?post=13372"},{"taxonomy":"post_tag","embeddable":true,"href":"https:\/\/tvc16.com\/portal\/wp-json\/wp\/v2\/tags?post=13372"}],"curies":[{"name":"wp","href":"https:\/\/api.w.org\/{rel}","templated":true}]}}