{"id":13378,"date":"2021-04-23T15:17:49","date_gmt":"2021-04-23T18:17:49","guid":{"rendered":"https:\/\/tvc16.com\/portal\/?p=13378"},"modified":"2021-04-23T15:17:52","modified_gmt":"2021-04-23T18:17:52","slug":"grupo-de-sem-teto-de-roma-recebe-vacina-e-visita-do-papa","status":"publish","type":"post","link":"https:\/\/tvc16.com\/portal\/2021\/04\/23\/grupo-de-sem-teto-de-roma-recebe-vacina-e-visita-do-papa\/","title":{"rendered":"Grupo de sem-teto de Roma recebe vacina e visita do papa"},"content":{"rendered":"\n<h3 class=\"wp-block-heading\">Ele disse que receber a vacina contra covid-19 \u00e9 a escolha \u00e9tica<\/h3>\n\n\n\n<h4 class=\"wp-block-heading\">Por Philip Pullella &#8211; Rep\u00f3rter da Reuters &#8211; Cidade do Vaticano<\/h4>\n\n\n\n<p>O papa Francisco visitou pessoas sem teto e necessitadas de Roma, que receberam vacinas gratuitas contra a covid-19 de institui\u00e7\u00e3o de caridade do Vaticano nesta sexta-feira (23), quando ele comemorou a festa de S\u00e3o Jorge.<img decoding=\"async\" src=\"https:\/\/agenciabrasil.ebc.com.br\/ebc.png?id=1407639&amp;o=node\"><img decoding=\"async\" src=\"https:\/\/agenciabrasil.ebc.com.br\/ebc.gif?id=1407639&amp;o=node\"><\/p>\n\n\n\n<p>Cerca de 600 das 1,4 mil&nbsp;pessoas que receberam a primeira dose h\u00e1 v\u00e1rias semanas foram vacinadas hoje com a segunda.&nbsp;<\/p>\n\n\n\n<p>O papa passou cerca de 30 minutos conversando com algumas pessoas, muitas da \u00e1rea ao redor do Vaticano.<\/p>\n\n\n\n<p>Enquanto cantarolavam e gritavam &#8220;auguri&#8221; (parab\u00e9ns) pelo dia, ele lhes ofereceu comida e doces, inclusive um ovo de P\u00e1scoa gigantesco que volunt\u00e1rios abriram, dando-lhe um peda\u00e7o.<\/p>\n\n\n\n<p>O Vaticano tamb\u00e9m iniciou uma campanha que permite que doadores contribuam para o custo de uma vacina destinada a pessoas de pa\u00edses pobres, por meio do&nbsp;<em>site<\/em>&nbsp;de seu escrit\u00f3rio de doa\u00e7\u00f5es.<\/p>\n\n\n\n<p>Batizada de&nbsp;<em>vaccino sospeso<\/em>&nbsp;(vacina suspensa), empresta o nome da tradi\u00e7\u00e3o do&nbsp;<em>caffe sospeso<\/em>&nbsp;de N\u00e1poles, segundo a qual as pessoas deixam dinheiro para pagar um caf\u00e9 a um desconhecido necessitado cuja identidade s\u00f3 \u00e9 conhecida&nbsp;pelo&nbsp;<em>barman<\/em>.<\/p>\n\n\n\n<p>Francisco, que j\u00e1 foi vacinado, assim como o ex-papa Bento XVI, de 93 anos, disse que receber a vacina \u00e9 a escolha \u00e9tica, a menos que existam motivos m\u00e9dicos s\u00e9rios para n\u00e3o faz\u00ea-lo.<\/p>\n\n\n\n<p>Sob o comando de Francisco, o Vaticano criou v\u00e1rias estruturas para ajudar a popula\u00e7\u00e3o dos sem-teto de Roma, incluindo uma cl\u00ednica, locais de banho e servi\u00e7os de barbearia.<\/p>\n","protected":false},"excerpt":{"rendered":"<p>Ele disse que receber a vacina contra covid-19 \u00e9 a escolha \u00e9tica Por Philip Pullella<\/p>\n","protected":false},"author":2,"featured_media":13379,"comment_status":"open","ping_status":"open","sticky":false,"template":"","format":"standard","meta":{"footnotes":""},"categories":[17],"tags":[],"class_list":["post-13378","post","type-post","status-publish","format-standard","has-post-thumbnail","hentry","category-outras-noticias"],"_links":{"self":[{"href":"https:\/\/tvc16.com\/portal\/wp-json\/wp\/v2\/posts\/13378","targetHints":{"allow":["GET"]}}],"collection":[{"href":"https:\/\/tvc16.com\/portal\/wp-json\/wp\/v2\/posts"}],"about":[{"href":"https:\/\/tvc16.com\/portal\/wp-json\/wp\/v2\/types\/post"}],"author":[{"embeddable":true,"href":"https:\/\/tvc16.com\/portal\/wp-json\/wp\/v2\/users\/2"}],"replies":[{"embeddable":true,"href":"https:\/\/tvc16.com\/portal\/wp-json\/wp\/v2\/comments?post=13378"}],"version-history":[{"count":1,"href":"https:\/\/tvc16.com\/portal\/wp-json\/wp\/v2\/posts\/13378\/revisions"}],"predecessor-version":[{"id":13380,"href":"https:\/\/tvc16.com\/portal\/wp-json\/wp\/v2\/posts\/13378\/revisions\/13380"}],"wp:featuredmedia":[{"embeddable":true,"href":"https:\/\/tvc16.com\/portal\/wp-json\/wp\/v2\/media\/13379"}],"wp:attachment":[{"href":"https:\/\/tvc16.com\/portal\/wp-json\/wp\/v2\/media?parent=13378"}],"wp:term":[{"taxonomy":"category","embeddable":true,"href":"https:\/\/tvc16.com\/portal\/wp-json\/wp\/v2\/categories?post=13378"},{"taxonomy":"post_tag","embeddable":true,"href":"https:\/\/tvc16.com\/portal\/wp-json\/wp\/v2\/tags?post=13378"}],"curies":[{"name":"wp","href":"https:\/\/api.w.org\/{rel}","templated":true}]}}