{"id":13384,"date":"2021-04-23T19:35:33","date_gmt":"2021-04-23T22:35:33","guid":{"rendered":"https:\/\/tvc16.com\/portal\/?p=13384"},"modified":"2021-04-23T19:35:35","modified_gmt":"2021-04-23T22:35:35","slug":"ucp-ganha-nota-4-no-indice-geral-de-cursos-do-mec","status":"publish","type":"post","link":"https:\/\/tvc16.com\/portal\/2021\/04\/23\/ucp-ganha-nota-4-no-indice-geral-de-cursos-do-mec\/","title":{"rendered":"UCP ganha nota 4 no \u00cdndice Geral de Cursos do MEC"},"content":{"rendered":"\n<p><em>Institui\u00e7\u00e3o est\u00e1 entre as universidades privadas com maior nota no pa\u00eds; resultado foi divulgado oficialmente nesta sexta-feira (23)<\/em><\/p>\n\n\n\n<p>A Universidade Cat\u00f3lica de Petr\u00f3polis (UCP) est\u00e1 entre as universidades particulares do Brasil com maior nota \u2013 nota 4 &#8211; no \u00cdndice Geral de Cursos (IGC), uma avalia\u00e7\u00e3o anual realizada pelo Minist\u00e9rio da Educa\u00e7\u00e3o (MEC), que engloba todas as institui\u00e7\u00f5es de Ensino Superior do pa\u00eds, submetidas ao Sistema Nacional de Avalia\u00e7\u00e3o do Ensino Superior (SINAES). A nota m\u00e1xima \u00e9 5. O resultado foi divulgado oficialmente nesta sexta-feira (23) pelo \u00f3rg\u00e3o do governo federal e pelo Instituto Nacional de Estudos e Pesquisas Educacionais An\u00edsio Teixeira (Inep).<\/p>\n\n\n\n<p>Por meio dessa avalia\u00e7\u00e3o, \u00e9 poss\u00edvel conhecer o desempenho das institui\u00e7\u00f5es \u2013 que incluem universidades, centros universit\u00e1rios, faculdades, al\u00e9m de institutos federais e centros federais de educa\u00e7\u00e3o tecnol\u00f3gica. A Cat\u00f3lica de Petr\u00f3polis \u00e9 credenciada como universidade por oferecer cursos de gradua\u00e7\u00e3o, programas de p\u00f3s-gradua\u00e7\u00e3o stricto sensu (mestrados e doutorado), desenvolvendo obrigatoriamente, atividades de ensino e, tamb\u00e9m, de pesquisa e extens\u00e3o.<\/p>\n\n\n\n<p>Ao todo, os resultados foram calculados para 2.070 institui\u00e7\u00f5es p\u00fablicas e privadas, considerando os 24.145 cursos avaliados entre 2017 e 2019. O IGC \u00e9 a m\u00e9dia ponderada dos conceitos dos cursos de gradua\u00e7\u00e3o e dos programas de p\u00f3s-gradua\u00e7\u00e3o das institui\u00e7\u00f5es, baseada no \u00faltimo ciclo do Enade, que mensura o rendimento dos concluintes dos cursos de gradua\u00e7\u00e3o; e tamb\u00e9m leva em considera\u00e7\u00e3o outros dados como o corpo docente, organiza\u00e7\u00e3o did\u00e1tico pedag\u00f3gica e infraestrutura.<\/p>\n\n\n\n<p>\u201cA nota 4 que a UCP conquistou indica, efetivamente, o aumento da qualidade dos nossos cursos de gradua\u00e7\u00e3o e p\u00f3s-gradua\u00e7\u00e3o stricto sensu\u201d, comentou o Reitor da UCP, Pe. Pedro Paulo de Carvalho Rosa, destacando o empenho de todos dedicado \u00e0 Institui\u00e7\u00e3o, que resultou na nota 4 do IGC.<\/p>\n\n\n\n<p>\u201c\u00c9 gratificante estar \u00e0 frente de uma Institui\u00e7\u00e3o que cresce em qualidade a cada ano ao longo de quase sete d\u00e9cadas, fruto de uma educa\u00e7\u00e3o cat\u00f3lica comprometida com a forma\u00e7\u00e3o integral da pessoa humana e o bem da sociedade, e do verdadeiro empenho e dedica\u00e7\u00e3o de nossos eficientes colaboradores, gestores e coordenadores dos cursos de gradua\u00e7\u00e3o e de programas stricto sensu que, comprovadamente, s\u00e3o eficazes nos seus trabalhos. Em nossa Institui\u00e7\u00e3o, buscamos sempre a excel\u00eancia, solidariedade, inova\u00e7\u00e3o, \u00e9tica, verdade e tradi\u00e7\u00e3o. S\u00e3o nossos valores. Nessa oportunidade agrade\u00e7o a todos da comunidade UCP\u201d, finalizou.<\/p>\n","protected":false},"excerpt":{"rendered":"<p>Institui\u00e7\u00e3o est\u00e1 entre as universidades privadas com maior nota no pa\u00eds; resultado foi divulgado oficialmente<\/p>\n","protected":false},"author":2,"featured_media":13388,"comment_status":"open","ping_status":"open","sticky":false,"template":"","format":"standard","meta":{"footnotes":""},"categories":[12],"tags":[],"class_list":["post-13384","post","type-post","status-publish","format-standard","has-post-thumbnail","hentry","category-cidade"],"_links":{"self":[{"href":"https:\/\/tvc16.com\/portal\/wp-json\/wp\/v2\/posts\/13384","targetHints":{"allow":["GET"]}}],"collection":[{"href":"https:\/\/tvc16.com\/portal\/wp-json\/wp\/v2\/posts"}],"about":[{"href":"https:\/\/tvc16.com\/portal\/wp-json\/wp\/v2\/types\/post"}],"author":[{"embeddable":true,"href":"https:\/\/tvc16.com\/portal\/wp-json\/wp\/v2\/users\/2"}],"replies":[{"embeddable":true,"href":"https:\/\/tvc16.com\/portal\/wp-json\/wp\/v2\/comments?post=13384"}],"version-history":[{"count":1,"href":"https:\/\/tvc16.com\/portal\/wp-json\/wp\/v2\/posts\/13384\/revisions"}],"predecessor-version":[{"id":13389,"href":"https:\/\/tvc16.com\/portal\/wp-json\/wp\/v2\/posts\/13384\/revisions\/13389"}],"wp:featuredmedia":[{"embeddable":true,"href":"https:\/\/tvc16.com\/portal\/wp-json\/wp\/v2\/media\/13388"}],"wp:attachment":[{"href":"https:\/\/tvc16.com\/portal\/wp-json\/wp\/v2\/media?parent=13384"}],"wp:term":[{"taxonomy":"category","embeddable":true,"href":"https:\/\/tvc16.com\/portal\/wp-json\/wp\/v2\/categories?post=13384"},{"taxonomy":"post_tag","embeddable":true,"href":"https:\/\/tvc16.com\/portal\/wp-json\/wp\/v2\/tags?post=13384"}],"curies":[{"name":"wp","href":"https:\/\/api.w.org\/{rel}","templated":true}]}}