{"id":13393,"date":"2021-04-23T19:47:19","date_gmt":"2021-04-23T22:47:19","guid":{"rendered":"https:\/\/tvc16.com\/portal\/?p=13393"},"modified":"2021-04-23T19:47:22","modified_gmt":"2021-04-23T22:47:22","slug":"terceiro-encontro-online-promovido-pela-fiocruz-em-petropolis-reunira-experiencias-de-praticas-de-agricultura-urbana-em-petropolis","status":"publish","type":"post","link":"https:\/\/tvc16.com\/portal\/2021\/04\/23\/terceiro-encontro-online-promovido-pela-fiocruz-em-petropolis-reunira-experiencias-de-praticas-de-agricultura-urbana-em-petropolis\/","title":{"rendered":"Terceiro encontro online promovido pela Fiocruz em Petr\u00f3polis reunir\u00e1 experi\u00eancias de pr\u00e1ticas de agricultura urbana em Petr\u00f3polis"},"content":{"rendered":"\n<p><\/p>\n\n\n\n<p>Depois de promover conversas sobre \u201cavan\u00e7os e entraves para a promo\u00e7\u00e3o da sa\u00fade e da seguran\u00e7a alimentar\u201d e, tamb\u00e9m, sobre \u201co marco legal e pol\u00edticas p\u00fablicas para agricultura urbana\u201d, o terceiro encontro online das&nbsp;<em>Rodas de Conversa &#8211; Olhares pela Agricultura Urbana&nbsp;<\/em>discutir\u00e1 iniciativas que mostram como tudo isso vem acontecendo, na pr\u00e1tica, em Petr\u00f3polis. Promovido pelo o F\u00f3rum Itabora\u00ed: Pol\u00edtica, Ci\u00eancia e Cultura na Sa\u00fade, programa especial da presid\u00eancia da Fiocruz em Petr\u00f3polis, o encontro acontece no pr\u00f3ximo s\u00e1bado, 24 de abril, de 9h30 \u00e0s 11h30 e ser\u00e1 transmitido pelo canal da institui\u00e7\u00e3o no YouTube (<a rel=\"noreferrer noopener\" target=\"_blank\" href=\"https:\/\/youtu.be\/SSNK_OWzyP0\">https:\/\/youtu.be\/SSNK_OWzyP0<\/a>). &nbsp;<\/p>\n\n\n\n<p>O objetivo das rodas de conversa \u00e9 promover trocas de experi\u00eancias no \u00e2mbito da agricultura urbana, por meio de debates virtuais sobre sa\u00fade, seguran\u00e7a alimentar, organiza\u00e7\u00e3o comunit\u00e1ria e direito \u00e0 cidade. A iniciativa visa, ainda, proporcionar condi\u00e7\u00f5es para amplia\u00e7\u00e3o das pr\u00e1ticas da agricultura urbana nos territ\u00f3rios de Petr\u00f3polis, principalmente durante a pandemia da Covid-19. Dentre os convidados para o encontro deste s\u00e1bado est\u00e3o l\u00edderes comunit\u00e1rios, gestores p\u00fablicos, profissionais do segmento e representantes da sociedade civil, que compartilhar\u00e3o a\u00e7\u00f5es em curso desenvolvidas pela Secretaria Municipal de Assist\u00eancia Social, pelo Conselho Municipal de Seguran\u00e7a Alimentar e Nutricional de Petr\u00f3polis e por comunidades petropolitanas em parceria com o F\u00f3rum Itabora\u00ed. \u201cNossa ideia \u00e9 dar mais visibilidade e conectar propostas e experi\u00eancias que contribuem para reduzir as vulnerabilidades sociais geradoras de inseguran\u00e7a alimentar e de fragmenta\u00e7\u00e3o comunit\u00e1ria agravadas pela pandemia\u201d, explica a agr\u00f4noma Lucia Helena Almeida, da equipe do Programa de Biodiversidade, Sa\u00fade e Agroecologia do F\u00f3rum Itabora\u00ed. \u201cSer\u00e1 tamb\u00e9m um momento de intera\u00e7\u00e3o entre entidades e grupos do nosso munic\u00edpio que atuam com a tem\u00e1tica, para que juntos possamos estabelecer uma agenda estrat\u00e9gica na dire\u00e7\u00e3o de contribuir e efetivar a regulamenta\u00e7\u00e3o da lei municipal que versa sobre a agricultura urbana\u201d, acrescenta a agr\u00f4noma. &nbsp;<\/p>\n\n\n\n<p>Na ocasi\u00e3o, o F\u00f3rum Itabora\u00ed lan\u00e7ar\u00e1, ainda, um cadastro simplificado para mapear pr\u00e1ticas de agricultura em espa\u00e7os urbanos da cidade (dispon\u00edvel em&nbsp;<a rel=\"noreferrer noopener\" target=\"_blank\" href=\"https:\/\/forms.gle\/SvVQAJncpL2si3pv5\">https:\/\/forms.gle\/SvVQAJncpL2si3pv5<\/a>). O objetivo \u00e9 ampliar o conhecimento sobre experi\u00eancias com quintais socioprodutivos e hortas comunit\u00e1rias no munic\u00edpio e, ao mesmo tempo, estimular a forma\u00e7\u00e3o de uma rede colaborativa para agricultura urbana, com base nos princ\u00edpios da Agroecologia. &nbsp;<\/p>\n\n\n\n<p>Em Petr\u00f3polis, o F\u00f3rum Itabora\u00ed vem trabalhando em articula\u00e7\u00e3o com comunidades, tanto para trocas de conhecimento t\u00e9cnico em agricultura urbana \u2013 incluindo o cultivo propriamente e a gest\u00e3o de res\u00edduos org\u00e2nicos \u2013 quanto para o fortalecimento de la\u00e7os comunit\u00e1rios, para o incremento da seguran\u00e7a nutricional e para a redu\u00e7\u00e3o da vulnerabilidade socioambiental dos moradores dos territ\u00f3rios envolvidos. &nbsp;<\/p>\n\n\n\n<p>Na roda de conversa estar\u00e3o: &#8211; Rosane Cross, Secret\u00e1ria da Assist\u00eancia Social de Petr\u00f3polis; Talita Berti, Presidente do Conselho Municipal de Seguran\u00e7a Alimentar, e Amilton Oliveira, l\u00edder comunit\u00e1rio da Primeiro de Maio\/Madame Machado, em Itaipava. A media\u00e7\u00e3o ser\u00e1 de Claudemar Mattos. &nbsp;<\/p>\n","protected":false},"excerpt":{"rendered":"<p>Depois de promover conversas sobre \u201cavan\u00e7os e entraves para a promo\u00e7\u00e3o da sa\u00fade e da<\/p>\n","protected":false},"author":2,"featured_media":13394,"comment_status":"open","ping_status":"open","sticky":false,"template":"","format":"standard","meta":{"footnotes":""},"categories":[12],"tags":[],"class_list":["post-13393","post","type-post","status-publish","format-standard","has-post-thumbnail","hentry","category-cidade"],"_links":{"self":[{"href":"https:\/\/tvc16.com\/portal\/wp-json\/wp\/v2\/posts\/13393","targetHints":{"allow":["GET"]}}],"collection":[{"href":"https:\/\/tvc16.com\/portal\/wp-json\/wp\/v2\/posts"}],"about":[{"href":"https:\/\/tvc16.com\/portal\/wp-json\/wp\/v2\/types\/post"}],"author":[{"embeddable":true,"href":"https:\/\/tvc16.com\/portal\/wp-json\/wp\/v2\/users\/2"}],"replies":[{"embeddable":true,"href":"https:\/\/tvc16.com\/portal\/wp-json\/wp\/v2\/comments?post=13393"}],"version-history":[{"count":1,"href":"https:\/\/tvc16.com\/portal\/wp-json\/wp\/v2\/posts\/13393\/revisions"}],"predecessor-version":[{"id":13395,"href":"https:\/\/tvc16.com\/portal\/wp-json\/wp\/v2\/posts\/13393\/revisions\/13395"}],"wp:featuredmedia":[{"embeddable":true,"href":"https:\/\/tvc16.com\/portal\/wp-json\/wp\/v2\/media\/13394"}],"wp:attachment":[{"href":"https:\/\/tvc16.com\/portal\/wp-json\/wp\/v2\/media?parent=13393"}],"wp:term":[{"taxonomy":"category","embeddable":true,"href":"https:\/\/tvc16.com\/portal\/wp-json\/wp\/v2\/categories?post=13393"},{"taxonomy":"post_tag","embeddable":true,"href":"https:\/\/tvc16.com\/portal\/wp-json\/wp\/v2\/tags?post=13393"}],"curies":[{"name":"wp","href":"https:\/\/api.w.org\/{rel}","templated":true}]}}