{"id":13396,"date":"2021-04-23T19:55:22","date_gmt":"2021-04-23T22:55:22","guid":{"rendered":"https:\/\/tvc16.com\/portal\/?p=13396"},"modified":"2021-04-23T19:55:24","modified_gmt":"2021-04-23T22:55:24","slug":"neste-sabado-24-e-dia-de-contacao-de-historias-e-bate-papo-para-a-criancada","status":"publish","type":"post","link":"https:\/\/tvc16.com\/portal\/2021\/04\/23\/neste-sabado-24-e-dia-de-contacao-de-historias-e-bate-papo-para-a-criancada\/","title":{"rendered":"Neste s\u00e1bado (24) \u00e9 dia de conta\u00e7\u00e3o de hist\u00f3rias e bate-papo para a crian\u00e7ada"},"content":{"rendered":"\n<p><em>A iniciativa da Brinquedoteca Virtual da Est\u00e1cio Petr\u00f3polis \u00e9 gratuita e aberta a todos que quiserem participar<\/em><\/p>\n\n\n\n<p>A crian\u00e7ada j\u00e1 pode ficar animada para este fim de semana. No s\u00e1bado, dia 24, a partir das 10h, os estudantes do curso de Pedagogia da Est\u00e1cio Petr\u00f3polis v\u00e3o contar muitas hist\u00f3rias e conversar bastante com os pequenos. A atividade faz parte da comemora\u00e7\u00e3o do m\u00eas do livro infantil e do anivers\u00e1rio do escritor Monteiro Lobato.<\/p>\n\n\n\n<p>\u201cO objetivo da Brinquedoteca da Est\u00e1cio Petr\u00f3polis \u00e9 mostrar para as crian\u00e7as que podemos nos divertir com uma hist\u00f3ria bem contada. Nossos brinquedistas est\u00e3o animados em poder receber os pequenos leitores para um bate-papo animado\u201d, conta Ana Paula Lemos , coordenadora de Projeto Brinquedoteca.<\/p>\n\n\n\n<p>Para participar \u00e9 s\u00f3 clicar no link&nbsp;<a rel=\"noreferrer noopener\" target=\"_blank\" href=\"http:\/\/encurtador.com.br\/P1346\">http:\/\/encurtador.com.br\/P1346<\/a>.<\/p>\n\n\n\n<p>Na&nbsp;Brinquedoteca&nbsp;da Est\u00e1cio Petr\u00f3polis s\u00e3o realizadas diferentes atividades periodicamente, por\u00e9m, neste momento de pandemia, tudo est\u00e1 ocorrendo de forma remota. Por l\u00e1 alunos e professores promovem conta\u00e7\u00e3o de hist\u00f3rias, jogos pedag\u00f3gicos, m\u00fasica e&nbsp;oficinas art\u00edsticas, dispon\u00edveis para o p\u00fablico infantil.<\/p>\n\n\n\n<p>\u201cA Brinquedoteca nada mais \u00e9 do que o Laborat\u00f3rio de Pr\u00e1tica do curso de Pedagogia, que tem por objetivo atender os alunos que utilizam este espa\u00e7o para aprender a contar hist\u00f3rias, promover brincadeiras e experimenta\u00e7\u00f5es de suporte para o aprendizado\u201d, informa Ana Paula, garantindo que novos eventos online j\u00e1 est\u00e3o programados para este ano.&nbsp;<\/p>\n","protected":false},"excerpt":{"rendered":"<p>A iniciativa da Brinquedoteca Virtual da Est\u00e1cio Petr\u00f3polis \u00e9 gratuita e aberta a todos que<\/p>\n","protected":false},"author":2,"featured_media":13397,"comment_status":"open","ping_status":"open","sticky":false,"template":"","format":"standard","meta":{"footnotes":""},"categories":[12],"tags":[],"class_list":["post-13396","post","type-post","status-publish","format-standard","has-post-thumbnail","hentry","category-cidade"],"_links":{"self":[{"href":"https:\/\/tvc16.com\/portal\/wp-json\/wp\/v2\/posts\/13396","targetHints":{"allow":["GET"]}}],"collection":[{"href":"https:\/\/tvc16.com\/portal\/wp-json\/wp\/v2\/posts"}],"about":[{"href":"https:\/\/tvc16.com\/portal\/wp-json\/wp\/v2\/types\/post"}],"author":[{"embeddable":true,"href":"https:\/\/tvc16.com\/portal\/wp-json\/wp\/v2\/users\/2"}],"replies":[{"embeddable":true,"href":"https:\/\/tvc16.com\/portal\/wp-json\/wp\/v2\/comments?post=13396"}],"version-history":[{"count":1,"href":"https:\/\/tvc16.com\/portal\/wp-json\/wp\/v2\/posts\/13396\/revisions"}],"predecessor-version":[{"id":13398,"href":"https:\/\/tvc16.com\/portal\/wp-json\/wp\/v2\/posts\/13396\/revisions\/13398"}],"wp:featuredmedia":[{"embeddable":true,"href":"https:\/\/tvc16.com\/portal\/wp-json\/wp\/v2\/media\/13397"}],"wp:attachment":[{"href":"https:\/\/tvc16.com\/portal\/wp-json\/wp\/v2\/media?parent=13396"}],"wp:term":[{"taxonomy":"category","embeddable":true,"href":"https:\/\/tvc16.com\/portal\/wp-json\/wp\/v2\/categories?post=13396"},{"taxonomy":"post_tag","embeddable":true,"href":"https:\/\/tvc16.com\/portal\/wp-json\/wp\/v2\/tags?post=13396"}],"curies":[{"name":"wp","href":"https:\/\/api.w.org\/{rel}","templated":true}]}}