{"id":1340,"date":"2020-09-26T17:20:23","date_gmt":"2020-09-26T17:20:23","guid":{"rendered":"https:\/\/tvc16.com\/portal\/?p=1340"},"modified":"2020-09-26T17:20:23","modified_gmt":"2020-09-26T17:20:23","slug":"adolescente-e-apreendido-com-drogas-no-carangola","status":"publish","type":"post","link":"https:\/\/tvc16.com\/portal\/2020\/09\/26\/adolescente-e-apreendido-com-drogas-no-carangola\/","title":{"rendered":"Adolescente \u00e9 apreendido com drogas no Carangola"},"content":{"rendered":"\n<p>Um adolescente, de 16 anos, foi apreendido na madrugada de hoje (26) no Carangola, ap\u00f3s ser flagrado pela Pol\u00edcia Militar com drogas. Os policiais foram informados atrav\u00e9s de den\u00fancias an\u00f4nimas sobre a venda de entorpecentes na Rua Vicenzo Rivetti, e quando checaram as informa\u00e7\u00f5es puderam observar o menino cometendo o delito. Um rapaz, de 21 anos, que havia acabado de comprar drogas com o adolescente tamb\u00e9m foi levado para a 105\u00aa Delegacia de Pol\u00edcia, no Retiro.<\/p>\n\n\n\n<p>Em sede policial o menor foi autuado em fato an\u00e1logo por trafico de drogas e permaneceu apreendido. Com ele os policiais encontraram 56 c\u00e1psulas de coca\u00edna (203g), tr\u00eas tabletes de maconha (36g) e R$ 420 em dinheiro. O outro rapaz foi autuado por posse e uso de entorpecentes e liberado ap\u00f3s prestar depoimento.<\/p>\n","protected":false},"excerpt":{"rendered":"<p>Um adolescente, de 16 anos, foi apreendido na madrugada de hoje (26) no Carangola, ap\u00f3s<\/p>\n","protected":false},"author":2,"featured_media":1341,"comment_status":"open","ping_status":"open","sticky":false,"template":"","format":"standard","meta":{"footnotes":""},"categories":[12],"tags":[],"class_list":["post-1340","post","type-post","status-publish","format-standard","has-post-thumbnail","hentry","category-cidade"],"_links":{"self":[{"href":"https:\/\/tvc16.com\/portal\/wp-json\/wp\/v2\/posts\/1340","targetHints":{"allow":["GET"]}}],"collection":[{"href":"https:\/\/tvc16.com\/portal\/wp-json\/wp\/v2\/posts"}],"about":[{"href":"https:\/\/tvc16.com\/portal\/wp-json\/wp\/v2\/types\/post"}],"author":[{"embeddable":true,"href":"https:\/\/tvc16.com\/portal\/wp-json\/wp\/v2\/users\/2"}],"replies":[{"embeddable":true,"href":"https:\/\/tvc16.com\/portal\/wp-json\/wp\/v2\/comments?post=1340"}],"version-history":[{"count":1,"href":"https:\/\/tvc16.com\/portal\/wp-json\/wp\/v2\/posts\/1340\/revisions"}],"predecessor-version":[{"id":1342,"href":"https:\/\/tvc16.com\/portal\/wp-json\/wp\/v2\/posts\/1340\/revisions\/1342"}],"wp:featuredmedia":[{"embeddable":true,"href":"https:\/\/tvc16.com\/portal\/wp-json\/wp\/v2\/media\/1341"}],"wp:attachment":[{"href":"https:\/\/tvc16.com\/portal\/wp-json\/wp\/v2\/media?parent=1340"}],"wp:term":[{"taxonomy":"category","embeddable":true,"href":"https:\/\/tvc16.com\/portal\/wp-json\/wp\/v2\/categories?post=1340"},{"taxonomy":"post_tag","embeddable":true,"href":"https:\/\/tvc16.com\/portal\/wp-json\/wp\/v2\/tags?post=1340"}],"curies":[{"name":"wp","href":"https:\/\/api.w.org\/{rel}","templated":true}]}}