{"id":13401,"date":"2021-04-23T20:03:29","date_gmt":"2021-04-23T23:03:29","guid":{"rendered":"https:\/\/tvc16.com\/portal\/?p=13401"},"modified":"2021-04-23T20:03:34","modified_gmt":"2021-04-23T23:03:34","slug":"petropolis-registra-mais-17-obitos-por-covid-19-nesta-sexta-feira","status":"publish","type":"post","link":"https:\/\/tvc16.com\/portal\/2021\/04\/23\/petropolis-registra-mais-17-obitos-por-covid-19-nesta-sexta-feira\/","title":{"rendered":"Petr\u00f3polis registra mais 17 \u00f3bitos, por Covid-19, nesta sexta-feira"},"content":{"rendered":"\n<p><\/p>\n\n\n\n<p>Dentre os \u00f3bitos registrados, nove s\u00e3o referentes a pacientes internados no m\u00eas de mar\u00e7o.<br>Neste momento, 167 pessoas est\u00e3o internadas em leitos de UTI privados e pelo SUS. Outras 151 est\u00e3o em leitos cl\u00ednicos, considerando leitos privados e SUS, totalizando assim, 318 interna\u00e7\u00f5es em toda a rede da cidade. A ocupa\u00e7\u00e3o de leitos cl\u00ednicos pelo SUS \u00e9 de 58,27% e 89,26% em leitos de UTI.<\/p>\n\n\n\n<p>A Secretaria de Sa\u00fade esclarece que o n\u00famero de \u00f3bitos, hoje em 886 \u00e9 atualizado nos boletins apenas ap\u00f3s o registro do atestado de \u00f3bito e do resultado do exame do paciente no sistema da Vigil\u00e2ncia Epidemiol\u00f3gica, o que \u00e9 feito por equipe administrativa. Trata-se de medida de seguran\u00e7a para evitar erro na informa\u00e7\u00e3o divulgada pela Secretaria de Sa\u00fade.<\/p>\n\n\n\n<p>\u00c9 poss\u00edvel acompanhar a evolu\u00e7\u00e3o dos casos no portal da transpar\u00eancia do coronav\u00edrus, no site da Prefeitura (www.petropolis.rj.gov.br).<\/p>\n\n\n\n<p>Rela\u00e7\u00e3o de \u00f3bitos:<\/p>\n\n\n\n<p>1- Homem, 46 anos, morador da Castel\u00e2nea. Internado na UPA Cascatinha em 14.03.21 e transferido para o HNSA. \u00d3bito registrado em 24.03.21 no HNSA.<\/p>\n\n\n\n<p>2- Homem, 40 anos, morador de Nogueira. Internado em 29.03.21 no HST. \u00d3bito registrado em 02.04.21 no HST.<\/p>\n\n\n\n<p>3- Mulher, 79 anos, moradora da Mosela. Internada em 02.04.21 no HST. \u00d3bito registrado em 09.04.21 no HST.<\/p>\n\n\n\n<p>4- Homem, 67 anos, morador do Quitandinha. Internado em 26.03.21 no HST. \u00d3bito registrado em 09.04.21. Paciente tinha hipertens\u00e3o arterial.<\/p>\n\n\n\n<p>5- Homem, 74 anos, morador da Posse. Internado em 19.03.21 na UPA Centro e transferido para o HST em 21.03.21. \u00d3bito registrado em 10.04.21 no HST. Paciente com hipertens\u00e3o arterial e diabetes.<\/p>\n\n\n\n<p>6- Homem, 65 anos, morador do Centro. Internado em 30.03.21 na UPA Cascatinha e transferido para o HCC em 03.04.21. \u00d3bito registrado em 10.04.21 no HCC. Paciente com doen\u00e7a renal cr\u00f4nica.<\/p>\n\n\n\n<p>7- Homem, 65 anos, morador do Quitandinha. Internado em 27.03.21 no HST. \u00d3bito registrado em 12.04.21. Paciente com hipertens\u00e3o arterial e diabetes.<\/p>\n\n\n\n<p>8- Homem, 61 anos, morador do S\u00e3o Sebasti\u00e3o. Internado no dia 30.03.21 na UPA Cascatinha e transferido para o HNSA em 03.04.21. \u00d3bito registrado em 12.04.21 no HNSA.<\/p>\n\n\n\n<p>9- Mulher, 56 anos, moradora de Correas. Internada em 06.04.21 no HST. \u00d3bito registrado em 13.04.21 no HST. Paciente com diabetes.<\/p>\n\n\n\n<p>10- Homem, 26 anos, morador do Samambaia. Internado em 01.04.21 na UPA Centro e transferido para o HNSA em 04.04.21. \u00d3bito registrado em 13.04.21. Paciente com doen\u00e7a pulmonar obstrutiva cr\u00f4nica.<\/p>\n\n\n\n<p>11- Homem, 65 anos, morador de Bonsucesso. Internado em 06.04.21 na UPA Cascatinha e transferido para o HCC em 10.04.21. \u00d3bito registrado em 13.04.21. Paciente com hipertens\u00e3o arterial e diabetes.<\/p>\n\n\n\n<p>12- Mulher, 64 anos, moradora de Pedro do Rio. Internada em 31.03.21 na UPA Cascatinha e transferida para o HCC em 03.04.21. \u00d3bito registrado em 13.04.21 no HCC. Paciente com hipertens\u00e3o arterial.<\/p>\n\n\n\n<p>13- Homem, 72 anos, morador da Castel\u00e2nea. Internado em 01.04.21 na UPA Centro e transferido para o HCC em 06.04.21. \u00d3bito registrado em 13.04.21. Paciente com doen\u00e7a cardiovascular cr\u00f4nica.<\/p>\n\n\n\n<p>14- Mulher, 38 anos, moradora do Pedras Brancas. Internada na UPA Cascatinha em 06.04.21 e transferida para o HNSA em 09.04.21. \u00d3bito registrado em 13.04.21 no HNSA. Paciente com hipotireoidismo.<\/p>\n\n\n\n<p>15- Homem, 65 anos, morador do Alto da Serra. Internado em 10.04.21 na Upa Itaipava. \u00d3bito registrado em 14.04.21no HNSA. Paciente com hipertens\u00e3o arterial.<\/p>\n\n\n\n<p>16- Homem, 64 anos, morador do Madame Machado. Internado em 06.04.21 na UPA Cascatinha e transferido para o HNSA em 09.04.21. \u00d3bito registrado em 14.04.21 no HNSA. Paciente com hipertens\u00e3o arterial e hipotireoidismo.<\/p>\n\n\n\n<p>17- Mulher, 75 anos, moradora do Itamarati. Internada em 13.04.21 na UPA Cascatinha e transferida para o HCC em 13.04.21. \u00d3bito registrado em 14.04.21 no HCC. Paciente com hipertens\u00e3o arterial.<\/p>\n","protected":false},"excerpt":{"rendered":"<p>Dentre os \u00f3bitos registrados, nove s\u00e3o referentes a pacientes internados no m\u00eas de mar\u00e7o.Neste momento,<\/p>\n","protected":false},"author":2,"featured_media":12362,"comment_status":"open","ping_status":"open","sticky":false,"template":"","format":"standard","meta":{"footnotes":""},"categories":[12],"tags":[],"class_list":["post-13401","post","type-post","status-publish","format-standard","has-post-thumbnail","hentry","category-cidade"],"_links":{"self":[{"href":"https:\/\/tvc16.com\/portal\/wp-json\/wp\/v2\/posts\/13401","targetHints":{"allow":["GET"]}}],"collection":[{"href":"https:\/\/tvc16.com\/portal\/wp-json\/wp\/v2\/posts"}],"about":[{"href":"https:\/\/tvc16.com\/portal\/wp-json\/wp\/v2\/types\/post"}],"author":[{"embeddable":true,"href":"https:\/\/tvc16.com\/portal\/wp-json\/wp\/v2\/users\/2"}],"replies":[{"embeddable":true,"href":"https:\/\/tvc16.com\/portal\/wp-json\/wp\/v2\/comments?post=13401"}],"version-history":[{"count":1,"href":"https:\/\/tvc16.com\/portal\/wp-json\/wp\/v2\/posts\/13401\/revisions"}],"predecessor-version":[{"id":13402,"href":"https:\/\/tvc16.com\/portal\/wp-json\/wp\/v2\/posts\/13401\/revisions\/13402"}],"wp:featuredmedia":[{"embeddable":true,"href":"https:\/\/tvc16.com\/portal\/wp-json\/wp\/v2\/media\/12362"}],"wp:attachment":[{"href":"https:\/\/tvc16.com\/portal\/wp-json\/wp\/v2\/media?parent=13401"}],"wp:term":[{"taxonomy":"category","embeddable":true,"href":"https:\/\/tvc16.com\/portal\/wp-json\/wp\/v2\/categories?post=13401"},{"taxonomy":"post_tag","embeddable":true,"href":"https:\/\/tvc16.com\/portal\/wp-json\/wp\/v2\/tags?post=13401"}],"curies":[{"name":"wp","href":"https:\/\/api.w.org\/{rel}","templated":true}]}}