{"id":13407,"date":"2021-04-24T18:40:54","date_gmt":"2021-04-24T21:40:54","guid":{"rendered":"https:\/\/tvc16.com\/portal\/?p=13407"},"modified":"2021-04-24T18:40:56","modified_gmt":"2021-04-24T21:40:56","slug":"motivcao-evento-on-line-promove-saude-e-bem-estar-em-meio-a-pandemia","status":"publish","type":"post","link":"https:\/\/tvc16.com\/portal\/2021\/04\/24\/motivcao-evento-on-line-promove-saude-e-bem-estar-em-meio-a-pandemia\/","title":{"rendered":"Motiv@\u00e7\u00e3o: evento on-line promove sa\u00fade e bem-estar em meio \u00e0 pandemia"},"content":{"rendered":"\n<p>Promo\u00e7\u00e3o da sa\u00fade e de bem-estar. Esses s\u00e3o os objetivos do Motiv@\u00e7\u00e3o, evento esportivo on-line criado pelo governo municipal e que ser\u00e1 transmitido no Youtube da Prefeitura de Petr\u00f3polis no dia 01 de maio. Das 9h at\u00e9 \u00e0s 10h30, os professores do programa Agita Petr\u00f3polis dar\u00e3o aulas de alongamento, dan\u00e7a, funcional e relaxamento. Em meio \u00e0 pandemia da Covid-19, a ideia \u00e9 que as pessoas utilizem os espa\u00e7os de suas casas para realizarem as atividades.<\/p>\n\n\n\n<p>&#8220;O esporte, nesse momento de pandemia, est\u00e1 contribuindo bastante para a melhora do lado emocional e f\u00edsico das pessoas. Entre os benef\u00edcios da pr\u00e1tica regular da atividade f\u00edsica est\u00e3o a melhora da capacidade respirat\u00f3ria, flexibilidade, for\u00e7a muscular, cogni\u00e7\u00e3o, habilidades sociais, entre outras&#8221;, ressalta o prefeito interino Hingo Hammes.<\/p>\n\n\n\n<p>Al\u00e9m disso, dentro dessa programa\u00e7\u00e3o, ser\u00e1 realizado o Desafio Motiv@\u00e7\u00e3o 5 km. A inten\u00e7\u00e3o \u00e9 incentivar a corrida sem car\u00e1ter competitivo, sendo apenas participativa e filantr\u00f3pica. Para isso, a prefeitura vai disponibilizar 200 vagas e os atletas devem comprovar que realizaram a quilometragem da prova. Os interessados podem se inscrever em um link que estar\u00e1 dispon\u00edvel no Instagram da prefeitura no domingo (25\/04) a partir das 9h.<\/p>\n\n\n\n<p>&#8220;Vamos abrir as inscri\u00e7\u00f5es no domingo e os participantes devem realizar a prova entre os dias 1 e 9 de maio. Pode correr ou caminhar em casa no quintal, na esteira, ou mesmo na rua, mas a gente pede que seja de maneira isolada, sem aglomera\u00e7\u00e3o, e com todos os cuidados preventivos&#8221;, explica Leandro Kronemberger, secret\u00e1rio de Esportes, Promo\u00e7\u00e3o da Sa\u00fade, Juventude, Idoso e Lazer.<\/p>\n\n\n\n<p>&#8220;Os inscritos recebem medalha mediante a entrega de uma lata de leite em p\u00f3, que ser\u00e3o doados para institui\u00e7\u00f5es de caridade. Vamos cuidar da nossa sa\u00fade, mas sempre pensando no pr\u00f3ximo\u201d, completa Berg.<\/p>\n\n\n\n<p><\/p>\n\n\n\n<figure class=\"wp-block-image size-large\"><img loading=\"lazy\" decoding=\"async\" width=\"821\" height=\"1024\" src=\"https:\/\/tvc16.com\/portal\/wp-content\/uploads\/2021\/04\/IMG-20210424-WA0052-821x1024.jpg\" alt=\"\" class=\"wp-image-13409\" srcset=\"https:\/\/tvc16.com\/portal\/wp-content\/uploads\/2021\/04\/IMG-20210424-WA0052-821x1024.jpg 821w, https:\/\/tvc16.com\/portal\/wp-content\/uploads\/2021\/04\/IMG-20210424-WA0052-240x300.jpg 240w, https:\/\/tvc16.com\/portal\/wp-content\/uploads\/2021\/04\/IMG-20210424-WA0052-768x958.jpg 768w, https:\/\/tvc16.com\/portal\/wp-content\/uploads\/2021\/04\/IMG-20210424-WA0052.jpg 1026w\" sizes=\"auto, (max-width: 821px) 100vw, 821px\" \/><\/figure>\n","protected":false},"excerpt":{"rendered":"<p>Promo\u00e7\u00e3o da sa\u00fade e de bem-estar. Esses s\u00e3o os objetivos do Motiv@\u00e7\u00e3o, evento esportivo on-line<\/p>\n","protected":false},"author":2,"featured_media":13408,"comment_status":"open","ping_status":"open","sticky":false,"template":"","format":"standard","meta":{"footnotes":""},"categories":[12],"tags":[],"class_list":["post-13407","post","type-post","status-publish","format-standard","has-post-thumbnail","hentry","category-cidade"],"_links":{"self":[{"href":"https:\/\/tvc16.com\/portal\/wp-json\/wp\/v2\/posts\/13407","targetHints":{"allow":["GET"]}}],"collection":[{"href":"https:\/\/tvc16.com\/portal\/wp-json\/wp\/v2\/posts"}],"about":[{"href":"https:\/\/tvc16.com\/portal\/wp-json\/wp\/v2\/types\/post"}],"author":[{"embeddable":true,"href":"https:\/\/tvc16.com\/portal\/wp-json\/wp\/v2\/users\/2"}],"replies":[{"embeddable":true,"href":"https:\/\/tvc16.com\/portal\/wp-json\/wp\/v2\/comments?post=13407"}],"version-history":[{"count":1,"href":"https:\/\/tvc16.com\/portal\/wp-json\/wp\/v2\/posts\/13407\/revisions"}],"predecessor-version":[{"id":13410,"href":"https:\/\/tvc16.com\/portal\/wp-json\/wp\/v2\/posts\/13407\/revisions\/13410"}],"wp:featuredmedia":[{"embeddable":true,"href":"https:\/\/tvc16.com\/portal\/wp-json\/wp\/v2\/media\/13408"}],"wp:attachment":[{"href":"https:\/\/tvc16.com\/portal\/wp-json\/wp\/v2\/media?parent=13407"}],"wp:term":[{"taxonomy":"category","embeddable":true,"href":"https:\/\/tvc16.com\/portal\/wp-json\/wp\/v2\/categories?post=13407"},{"taxonomy":"post_tag","embeddable":true,"href":"https:\/\/tvc16.com\/portal\/wp-json\/wp\/v2\/tags?post=13407"}],"curies":[{"name":"wp","href":"https:\/\/api.w.org\/{rel}","templated":true}]}}