{"id":13411,"date":"2021-04-24T18:43:24","date_gmt":"2021-04-24T21:43:24","guid":{"rendered":"https:\/\/tvc16.com\/portal\/?p=13411"},"modified":"2021-04-24T18:43:26","modified_gmt":"2021-04-24T21:43:26","slug":"em-petropolis-vacinacao-contra-a-gripe-abre-na-segunda-feira-para-cadastro-de-acamados-que-moram-em-areas-nao-atendidas-por-psfs","status":"publish","type":"post","link":"https:\/\/tvc16.com\/portal\/2021\/04\/24\/em-petropolis-vacinacao-contra-a-gripe-abre-na-segunda-feira-para-cadastro-de-acamados-que-moram-em-areas-nao-atendidas-por-psfs\/","title":{"rendered":"Em Petr\u00f3polis, vacina\u00e7\u00e3o contra a gripe abre na segunda-feira para cadastro de acamados que moram em \u00e1reas n\u00e3o atendidas por PSFs"},"content":{"rendered":"\n<p>Dados devem ser preenchidos no site da prefeitura at\u00e9 7 de maio<\/p>\n\n\n\n<p>Pacientes acamados que residem em \u00e1reas n\u00e3o atendidas por equipes de PSFs, devem ser cadastrados junto \u00e0 Secretaria de Sa\u00fade para receber em casa a imuniza\u00e7\u00e3o contra a influenza (v\u00edrus da gripe). A vacina\u00e7\u00e3o deste p\u00fablico dever\u00e1 ser feita a partir de 12 de maio. Mas o cadastro para o agendamento deve ser feito de 26\/04 a 07\/05, no site da prefeitura (www.petropolis.rj.gov.br). No site, basta que o interessado clique no banner na p\u00e1gina principal da prefeitura. Da\u00ed em diante basta seguir o passo a passo informando os dados do paciente para o agendamento.<br>A vacina\u00e7\u00e3o contra a influenza (gripe) vem sendo realizada desde a \u00faltima segunda-feira (19.04) em 39 pontos &#8211; UBSs e PSFs existentes nos cinco distritos. Por conta da pandemia de covid-19, o Minist\u00e9rio da Sa\u00fade alterou a ordem do cronograma de vacina\u00e7\u00e3o, iniciando a campanha com a imuniza\u00e7\u00e3o de profissionais de Sa\u00fade, gestantes, pu\u00e9rperas (m\u00e3es que tiveram beb\u00ea h\u00e1 at\u00e9 45 dias) e crian\u00e7as com idade entre seis meses e seis anos incompletos. Em Petr\u00f3polis, 127.117 pessoas devem ser vacinadas contra a gripe. Destas, cerca de 13 mil s\u00e3o trabalhadores da \u00e1rea de Sa\u00fade.<br>Idosos ser\u00e3o imunizados a partir de 11 de maio, na segunda etapa da campanha que inclui tamb\u00e9m os professores.<br>\u201cSeguimos as orienta\u00e7\u00f5es do Minist\u00e9rio da Sa\u00fade, que adotou este ano uma estrat\u00e9gia de vacina\u00e7\u00e3o diferente em fun\u00e7\u00e3o da vacina\u00e7\u00e3o contra a Covid-19, que est\u00e1 em andamento&#8221;, lembrou o prefeito interino Hingo Hammes. &#8220;\u00c9 muito importante que as pessoas estejam atentas, e, no momento correto, compare\u00e7am para se vacinar contra a gripe\u201d, complementou o secret\u00e1rio de Sa\u00fade, Aloisio Barbosa da Silva Filho.<br>A vacina\u00e7\u00e3o contra a influenza come\u00e7ou na semana passada, com a imuniza\u00e7\u00e3o de profissionais de Sa\u00fade. Na \u00faltima segunda crian\u00e7as, gestantes e pu\u00e9rperas come\u00e7aram a ser vacinadas.<br>A vacina contra a influenza esta dispon\u00edvel no Centro de Sa\u00fade (Centro); PSF Caxamb\u00fa, PSF 24 de Maio, PSF Alto da Serra, PSF Meio da Serra, UBS Morin, PSF Sargento Boening, PSF Vila Felipe, PSF Alto da Serra, PSF Dr. Thouzet, UBS Alto Independ\u00eancia, UBS Quitandinha, PSF Santa Trindade, PSF Bairro Castrioto, UBS Mosela, PSF Moinho Preto, PSF Bataillard, PSF Pedras Brancas, Ambulat\u00f3rio Escola, UBS Itamarati, Ambulat\u00f3rio Hospital Alcides Carneiro, UBS Retiro, PSF Castelo S\u00e3o Manoel, PSF Jardim Salvador, PSF Carangola, PSF Vale do Carangola, PSF Fazenda Inglesa, UBS Araras, PSF Vale das Videiras, PSF Bonfim, PSF \u00c1guas Lindas, UBS Itaipava, PSF 1\u00ba de Maio, PSF Boa Esperan\u00e7a, UBS Pedro do Rio, PSF Vila Rica, PSF Secret\u00e1rio, PSF Posse e PSF Brejal.<br>Equipes fazem a imuniza\u00e7\u00e3o de segunda a sexta-feira das 9h \u00e0s 16h nas unidades de Sa\u00fade do munic\u00edpio &#8211; nos 27 PSFs o atendimento \u00e9 das 9h \u00e0s 12h e das 13h \u00e0s 16h. Os PSF\u2019s do Brejal e do Vale das Videiras t\u00eam hor\u00e1rio diferenciado, com vacina\u00e7\u00e3o encerrada \u00e0s 15h.<br>A Secretaria de Sa\u00fade destaca que \u00e9 necess\u00e1rio um intervalo de 15 dias entre a aplica\u00e7\u00e3o das vacinas contra a influenza e a covid-19.<\/p>\n","protected":false},"excerpt":{"rendered":"<p>Dados devem ser preenchidos no site da prefeitura at\u00e9 7 de maio Pacientes acamados que<\/p>\n","protected":false},"author":2,"featured_media":13412,"comment_status":"open","ping_status":"open","sticky":false,"template":"","format":"standard","meta":{"footnotes":""},"categories":[12],"tags":[],"class_list":["post-13411","post","type-post","status-publish","format-standard","has-post-thumbnail","hentry","category-cidade"],"_links":{"self":[{"href":"https:\/\/tvc16.com\/portal\/wp-json\/wp\/v2\/posts\/13411","targetHints":{"allow":["GET"]}}],"collection":[{"href":"https:\/\/tvc16.com\/portal\/wp-json\/wp\/v2\/posts"}],"about":[{"href":"https:\/\/tvc16.com\/portal\/wp-json\/wp\/v2\/types\/post"}],"author":[{"embeddable":true,"href":"https:\/\/tvc16.com\/portal\/wp-json\/wp\/v2\/users\/2"}],"replies":[{"embeddable":true,"href":"https:\/\/tvc16.com\/portal\/wp-json\/wp\/v2\/comments?post=13411"}],"version-history":[{"count":1,"href":"https:\/\/tvc16.com\/portal\/wp-json\/wp\/v2\/posts\/13411\/revisions"}],"predecessor-version":[{"id":13413,"href":"https:\/\/tvc16.com\/portal\/wp-json\/wp\/v2\/posts\/13411\/revisions\/13413"}],"wp:featuredmedia":[{"embeddable":true,"href":"https:\/\/tvc16.com\/portal\/wp-json\/wp\/v2\/media\/13412"}],"wp:attachment":[{"href":"https:\/\/tvc16.com\/portal\/wp-json\/wp\/v2\/media?parent=13411"}],"wp:term":[{"taxonomy":"category","embeddable":true,"href":"https:\/\/tvc16.com\/portal\/wp-json\/wp\/v2\/categories?post=13411"},{"taxonomy":"post_tag","embeddable":true,"href":"https:\/\/tvc16.com\/portal\/wp-json\/wp\/v2\/tags?post=13411"}],"curies":[{"name":"wp","href":"https:\/\/api.w.org\/{rel}","templated":true}]}}