{"id":13414,"date":"2021-04-24T18:45:59","date_gmt":"2021-04-24T21:45:59","guid":{"rendered":"https:\/\/tvc16.com\/portal\/?p=13414"},"modified":"2021-04-24T18:46:01","modified_gmt":"2021-04-24T21:46:01","slug":"nova-iguacu-comeca-a-vacinar-pessoas-com-comorbidades-de-59-a-57-anos-e-profissionais-de-educacao-de-59-a-57-anos-na-semana-que-vem","status":"publish","type":"post","link":"https:\/\/tvc16.com\/portal\/2021\/04\/24\/nova-iguacu-comeca-a-vacinar-pessoas-com-comorbidades-de-59-a-57-anos-e-profissionais-de-educacao-de-59-a-57-anos-na-semana-que-vem\/","title":{"rendered":"Nova Igua\u00e7u come\u00e7a a vacinar pessoas com comorbidades de 59 a 57 anos e profissionais de educa\u00e7\u00e3o de 59 a 57 anos na semana que vem"},"content":{"rendered":"\n<p><strong><br><\/strong><br>A Prefeitura de Nova Igua\u00e7u, por meio da Secretaria Municipal de Sa\u00fade, inicia, na pr\u00f3xima semana, a vacina\u00e7\u00e3o contra a Covid-19, seguindo o Plano Nacional de Imuniza\u00e7\u00e3o, do Minist\u00e9rio da Sa\u00fade, para pessoas com comorbidades entre 57 e 59 anos e profissionais da educa\u00e7\u00e3o de 57 a 59 anos. A cidade tamb\u00e9m tem um novo ponto de vacina\u00e7\u00e3o, que foi \u00a0aberto na Cl\u00ednica da Fam\u00edlia Mara\u00fa, em Austin, nesta sexta-feira (24), totalizando 22 locais de imuniza\u00e7\u00e3o contra a doen\u00e7a.<\/p>\n\n\n\n<p>A vacina\u00e7\u00e3o de pessoas com comorbidades ter\u00e1 in\u00edcio, na segunda-feira (26), pelas mulheres de 59 anos. Na ter\u00e7a (27) ser\u00e1 a vez dos homens nesta faixa et\u00e1ria. Na quarta (28), mulheres de 58 anos ser\u00e3o imunizadas. Na quinta (29), os homens de 58 anos. As mulheres de 57 anos ser\u00e3o vacinadas na sexta (30). No s\u00e1bado (1\/5), homens desta mesma idade poder\u00e3o procurar um dos pontos de vacina\u00e7\u00e3o.<\/p>\n\n\n\n<p>Os pertencentes ao grupo de comorbidades s\u00e3o portadores de diabetes, pneumopatias cr\u00f4nicas graves, hipertens\u00e3o arterial (est\u00e1gios 1,2 e 3), insufici\u00eancia card\u00edaca, &nbsp;hipertens\u00e3o pulmonar, cardiopatia hipertensiva, s\u00edndromes coronarianas, valvopatias, miocardiopatias, pericardiopatias, arritimias card\u00edacas, cardiopatias cong\u00eanitas no adulto, doen\u00e7a cerebrovascular, doen\u00e7a renal cr\u00f4nica, imunossuprimidos, anemia falciforme, obesidade m\u00f3rbida, s\u00edndrome de down, cirrose hep\u00e1tica,portadores de pr\u00f3teses valores, portadores de dispositivos card\u00edacos implantados, al\u00e9m de doen\u00e7a da aorta, dos grandes vasos e f\u00edstulas arteriovenosas.<br>Para serem vacinados, \u00e9 preciso apresentar comprovante assinado por m\u00e9dico, contendo assinatura e registro no conselho de classe, que demonstre pertencer a um destes grupos de comorbidades; documento de Identidade com foto; CPF ou Cart\u00e3o Nacional de Sa\u00fade; Comprovante de Resid\u00eancia, tr\u00eas \u00faltimas receitas, com validade m\u00e1xima de seis meses.<\/p>\n\n\n\n<p>Os profissionais de educa\u00e7\u00e3o _ professores, pessoal administrativo, merendeiras, pessoal de apoio (serventes e vigias) _ tamb\u00e9m come\u00e7am a integrar a programa\u00e7\u00e3o de imuniza\u00e7\u00e3o em Nova Igua\u00e7u. Na segunda-feira (26) ser\u00e3o as mulheres com 59 anos. Na ter\u00e7a-feira (27) ser\u00e1 o dia dos homens desta idade. Na quarta-feira (28), as mulheres de 58 anos ser\u00e3o vacinadas. Na quinta (29), ser\u00e1 a vez dos homens profissionais com a mesma idade. Na sexta (30), mulheres de 57 anos e, no s\u00e1bado (1\/5), os homens desta faixa et\u00e1ria.<\/p>\n\n\n\n<p>Os profissionais da educa\u00e7\u00e3o para serem vacinados, devem estar com carteira de identidade como foto; CPF ou Cart\u00e3o Nacional de Sa\u00fade; tr\u00eas \u00faltimos contracheques de institui\u00e7\u00e3o de ensino localizada em Nova Igua\u00e7u.<\/p>\n\n\n\n<p>Vacina\u00e7\u00e3o continua para profissionais da sa\u00fade com mais de 26 anos e idosos a partir de 60 anos<\/p>\n\n\n\n<p>Os profissionais de sa\u00fade com idade superior a 26 anos que ainda n\u00e3o se vacinaram podem comparecer a qualquer ponto de vacina\u00e7\u00e3o com os documentos necess\u00e1rios. J\u00e1 os idosos acima de 60 anos que n\u00e3o se vacinaram, podem comparecer a qualquer ponto, preferencialmente, na parte da tarde.<\/p>\n\n\n\n<p>Para a segunda dose da vacina, s\u00e3o esperados profissionais de sa\u00fade e os idosos maiores de 65 anos vacinados com a Coronavac (Cart\u00e3o Azul) at\u00e9 o dia 12 de abril e tamb\u00e9m os vacinados com a Astrazeneca (Cart\u00e3o Laranja) at\u00e9 28 de fevereiro. Quem tiver com o prazo da segunda aplica\u00e7\u00e3o ultrapassado, tamb\u00e9m poder\u00e1 comparecer para garantir a completa imuniza\u00e7\u00e3o.<\/p>\n\n\n\n<p>O hor\u00e1rio de funcionamento da campanha \u00e9 das 8h30 \u00e0s 16h, com exce\u00e7\u00e3o aos s\u00e1bados, que vai at\u00e9 as 14h.<br><br>A lista completa com os endere\u00e7os dos postos de vacina\u00e7\u00e3o contra a Covid-19 e o calend\u00e1rio de imuniza\u00e7\u00e3o est\u00e3o em:&nbsp;<a rel=\"noreferrer noopener\" target=\"_blank\" href=\"http:\/\/www.novaiguacu.rj.gov.br\/semus\/vacinacao-covid\/calendario\/\">www.novaiguacu.rj.gov.br\/semus\/vacinacao-covid\/calendario\/<\/a><\/p>\n","protected":false},"excerpt":{"rendered":"<p>A Prefeitura de Nova Igua\u00e7u, por meio da Secretaria Municipal de Sa\u00fade, inicia, na pr\u00f3xima<\/p>\n","protected":false},"author":2,"featured_media":13415,"comment_status":"open","ping_status":"open","sticky":false,"template":"","format":"standard","meta":{"footnotes":""},"categories":[17],"tags":[],"class_list":["post-13414","post","type-post","status-publish","format-standard","has-post-thumbnail","hentry","category-outras-noticias"],"_links":{"self":[{"href":"https:\/\/tvc16.com\/portal\/wp-json\/wp\/v2\/posts\/13414","targetHints":{"allow":["GET"]}}],"collection":[{"href":"https:\/\/tvc16.com\/portal\/wp-json\/wp\/v2\/posts"}],"about":[{"href":"https:\/\/tvc16.com\/portal\/wp-json\/wp\/v2\/types\/post"}],"author":[{"embeddable":true,"href":"https:\/\/tvc16.com\/portal\/wp-json\/wp\/v2\/users\/2"}],"replies":[{"embeddable":true,"href":"https:\/\/tvc16.com\/portal\/wp-json\/wp\/v2\/comments?post=13414"}],"version-history":[{"count":1,"href":"https:\/\/tvc16.com\/portal\/wp-json\/wp\/v2\/posts\/13414\/revisions"}],"predecessor-version":[{"id":13416,"href":"https:\/\/tvc16.com\/portal\/wp-json\/wp\/v2\/posts\/13414\/revisions\/13416"}],"wp:featuredmedia":[{"embeddable":true,"href":"https:\/\/tvc16.com\/portal\/wp-json\/wp\/v2\/media\/13415"}],"wp:attachment":[{"href":"https:\/\/tvc16.com\/portal\/wp-json\/wp\/v2\/media?parent=13414"}],"wp:term":[{"taxonomy":"category","embeddable":true,"href":"https:\/\/tvc16.com\/portal\/wp-json\/wp\/v2\/categories?post=13414"},{"taxonomy":"post_tag","embeddable":true,"href":"https:\/\/tvc16.com\/portal\/wp-json\/wp\/v2\/tags?post=13414"}],"curies":[{"name":"wp","href":"https:\/\/api.w.org\/{rel}","templated":true}]}}