{"id":13417,"date":"2021-04-24T23:50:21","date_gmt":"2021-04-25T02:50:21","guid":{"rendered":"https:\/\/tvc16.com\/portal\/?p=13417"},"modified":"2021-04-24T23:50:23","modified_gmt":"2021-04-25T02:50:23","slug":"preco-do-pao-frances-deve-ser-fixado-em-local-de-facil-visualizacao-do-consumidor","status":"publish","type":"post","link":"https:\/\/tvc16.com\/portal\/2021\/04\/24\/preco-do-pao-frances-deve-ser-fixado-em-local-de-facil-visualizacao-do-consumidor\/","title":{"rendered":"Pre\u00e7o do p\u00e3o franc\u00eas deve ser fixado em local de f\u00e1cil visualiza\u00e7\u00e3o do consumidor"},"content":{"rendered":"\n<p>A partir do dia 1\u00b0 de junho o tradicional p\u00e3o franc\u00eas, ou p\u00e3o de sal, dever\u00e1 ser comercializado com o pre\u00e7o do quilo do produto fixado pr\u00f3ximo ao balc\u00e3o de venda, em local de f\u00e1cil visualiza\u00e7\u00e3o pelo consumidor. Al\u00e9m disso, o pre\u00e7o deve ser grafado com d\u00edgitos de pelo menos 5 cent\u00edmetros de altura.<\/p>\n\n\n\n<p>As determina\u00e7\u00f5es foram publicadas no Di\u00e1rio Oficial da Uni\u00e3o nesta sexta-feira (23) em uma portaria do Instituto Nacional de Metrologia, Qualidade e Tecnologia (Inmetro).<\/p>\n\n\n\n<p>O texto ainda acrescenta que a balan\u00e7a a ser utilizada na hora da comercializa\u00e7\u00e3o deve ter um medidor com divis\u00e3o igual ou menor a cinco gramas, al\u00e9m da indica\u00e7\u00e3o de peso e pre\u00e7o a pagar.<\/p>\n\n\n\n<p>Fonte: <a href=\"https:\/\/brasil61.com\/noticias\/preco-do-pao-frances-deve-ser-fixado-em-local-de-facil-visualizacao-do-consumidor-bras214693?email=bethdeoliveira@yahoo.com.br&amp;utm_source=newsletter&amp;utm_medium=newsletter&amp;utm_campaign=newsletter\" target=\"_blank\" rel=\"noreferrer noopener\">Brasil 61<\/a><\/p>\n","protected":false},"excerpt":{"rendered":"<p>A partir do dia 1\u00b0 de junho o tradicional p\u00e3o franc\u00eas, ou p\u00e3o de sal,<\/p>\n","protected":false},"author":2,"featured_media":13418,"comment_status":"open","ping_status":"open","sticky":false,"template":"","format":"standard","meta":{"footnotes":""},"categories":[17],"tags":[],"class_list":["post-13417","post","type-post","status-publish","format-standard","has-post-thumbnail","hentry","category-outras-noticias"],"_links":{"self":[{"href":"https:\/\/tvc16.com\/portal\/wp-json\/wp\/v2\/posts\/13417","targetHints":{"allow":["GET"]}}],"collection":[{"href":"https:\/\/tvc16.com\/portal\/wp-json\/wp\/v2\/posts"}],"about":[{"href":"https:\/\/tvc16.com\/portal\/wp-json\/wp\/v2\/types\/post"}],"author":[{"embeddable":true,"href":"https:\/\/tvc16.com\/portal\/wp-json\/wp\/v2\/users\/2"}],"replies":[{"embeddable":true,"href":"https:\/\/tvc16.com\/portal\/wp-json\/wp\/v2\/comments?post=13417"}],"version-history":[{"count":1,"href":"https:\/\/tvc16.com\/portal\/wp-json\/wp\/v2\/posts\/13417\/revisions"}],"predecessor-version":[{"id":13419,"href":"https:\/\/tvc16.com\/portal\/wp-json\/wp\/v2\/posts\/13417\/revisions\/13419"}],"wp:featuredmedia":[{"embeddable":true,"href":"https:\/\/tvc16.com\/portal\/wp-json\/wp\/v2\/media\/13418"}],"wp:attachment":[{"href":"https:\/\/tvc16.com\/portal\/wp-json\/wp\/v2\/media?parent=13417"}],"wp:term":[{"taxonomy":"category","embeddable":true,"href":"https:\/\/tvc16.com\/portal\/wp-json\/wp\/v2\/categories?post=13417"},{"taxonomy":"post_tag","embeddable":true,"href":"https:\/\/tvc16.com\/portal\/wp-json\/wp\/v2\/tags?post=13417"}],"curies":[{"name":"wp","href":"https:\/\/api.w.org\/{rel}","templated":true}]}}