{"id":13420,"date":"2021-04-24T23:54:11","date_gmt":"2021-04-25T02:54:11","guid":{"rendered":"https:\/\/tvc16.com\/portal\/?p=13420"},"modified":"2021-04-24T23:54:13","modified_gmt":"2021-04-25T02:54:13","slug":"uerj-iniciara-vacinacao-de-grupos-prioritarios-contra-a-covid-19-na-proxima-semana","status":"publish","type":"post","link":"https:\/\/tvc16.com\/portal\/2021\/04\/24\/uerj-iniciara-vacinacao-de-grupos-prioritarios-contra-a-covid-19-na-proxima-semana\/","title":{"rendered":"Uerj iniciar\u00e1 vacina\u00e7\u00e3o de grupos priorit\u00e1rios contra a Covid-19 na pr\u00f3xima semana"},"content":{"rendered":"\n<p><\/p>\n\n\n\n<p>A partir de segunda-feira (26), o posto para pedestres no campus Maracan\u00e3 da Universidade do Estado do Rio de Janeiro (Uerj) come\u00e7ar\u00e1 a imunizar pessoas de 45 a 59 anos pertencentes aos grupos priorit\u00e1rios, seguindo o calend\u00e1rio por idade elaborado pela Prefeitura do Rio. Entre eles, est\u00e3o indiv\u00edduos com comorbidades e defici\u00eancias permanentes, conforme\u00a0 lista\u00a0 do Plano Nacional de Imuniza\u00e7\u00e3o (PNI), al\u00e9m de trabalhadores da ativa da sa\u00fade, educa\u00e7\u00e3o, servi\u00e7os de limpeza urbana, motoristas e cobradores de \u00f4nibus e transporte escolar, policiais civis e militares, guardas municipais, bombeiros e agentes penitenci\u00e1rios. A vacina\u00e7\u00e3o acontece de segunda a sexta-feira, das 9h \u00e0s 15h.<\/p>\n\n\n\n<p>Professores, t\u00e9cnicos administrativos e terceirizados da Uerj que estejam na ativa incluem-se na categoria de trabalhadores da educa\u00e7\u00e3o e poder\u00e3o ser imunizados no campus Maracan\u00e3 ou em outros locais da rede municipal de vacina\u00e7\u00e3o. Para atender aos diversos p\u00fablicos, a universidade ampliou a estrutura montada em frente \u00e0 Concha Ac\u00fastica Marielle Franco, que conta agora com o dobro da equipe de vacinadores, envolvendo o corpo de enfermeiros e t\u00e9cnicos do Hospital Universit\u00e1rio Pedro Ernesto (Hupe), al\u00e9m de docentes, residentes e estudantes volunt\u00e1rios.<\/p>\n\n\n\n<p>De acordo com a pr\u00f3-reitora de Extens\u00e3o e Cultura, Cl\u00e1udia Gon\u00e7alves, a expectativa \u00e9 que haja um fluxo maior de pessoas procurando a Uerj para se imunizar, por isso a necessidade de criar uma log\u00edstica especial para o atendimento.&nbsp;<\/p>\n\n\n\n<p>&#8211; N\u00f3s vamos vacinar todo esse grupo priorit\u00e1rio seguindo a regra fundamental que \u00e9 a idade, sem flexibiliza\u00e7\u00e3o, come\u00e7ando com 59 anos e assim sucessivamente a cada dois dias &#8211; afirmou Cl\u00e1udia.<\/p>\n\n\n\n<p>A entrada para o posto de pedestres da Uerj \u00e9 pelo port\u00e3o 1 da Avenida Radial Oeste, ao lado do acesso \u00e0s esta\u00e7\u00f5es de trem e metr\u00f4. Quem for de carro pode entrar pelo port\u00e3o 7 da Avenida Radial Oeste e estacionar na \u00e1rea ao lado do Teatro Odylo Costa, filho.&nbsp;<\/p>\n\n\n\n<p><strong>Vacina\u00e7\u00e3o solid\u00e1ria<\/strong><\/p>\n\n\n\n<p>Junte-se \u00e0 Uerj e ajude a combater a fome que aflige milh\u00f5es de pessoas neste momento t\u00e3o dif\u00edcil. A universidade participa da campanha Rio contra a Fome, arrecadando itens de cesta b\u00e1sica para organiza\u00e7\u00f5es da sociedade civil que atuam em favelas e periferias da cidade. Vale contribuir com alimentos n\u00e3o perec\u00edveis, material de limpeza e higiene pessoal, al\u00e9m de \u00e1lcool em gel.&nbsp;<\/p>\n\n\n\n<p><strong>Documentos exigidos para a vacina\u00e7\u00e3o dos grupos priorit\u00e1rios<\/strong><\/p>\n\n\n\n<p>Todos devem levar documento de identidade, n\u00famero do CPF e, se poss\u00edvel, caderneta de vacina\u00e7\u00e3o.<\/p>\n\n\n\n<p><em>Pessoas com comorbidades<\/em>&nbsp;&#8211; laudo ou atestado que comprove a comorbidade, contendo a assinatura do m\u00e9dico ou QR Code para valida\u00e7\u00e3o de autenticidade no&nbsp; modelo Cremerj . Ser\u00e3o aceitas tamb\u00e9m as tr\u00eas \u00faltimas receitas m\u00e9dicas do rem\u00e9dio utilizado. Entre as comorbidades descritas como priorit\u00e1rias est\u00e3o diabetes mellitus, hipertens\u00e3o arterial, doen\u00e7as cardiovasculares e renais cr\u00f4nicas.<\/p>\n\n\n\n<p><em>Pessoas com defici\u00eancia permanente<\/em>&nbsp;&#8211; laudo m\u00e9dico ou receitu\u00e1rio que comprove a condi\u00e7\u00e3o ou cart\u00e3o de gratuidade no transporte p\u00fablico. Est\u00e3o inclu\u00eddas as defici\u00eancias f\u00edsicas, auditivas, intelectuais, psicossociais, visuais, m\u00faltiplas e transtorno do espectro autista.&nbsp;<\/p>\n\n\n\n<p><em>Trabalhadores dos grupos priorit\u00e1rios (devem estar na ativa)<\/em>&nbsp;\u2013 contracheque comprovando v\u00ednculo com a profiss\u00e3o e local de trabalho, ou declara\u00e7\u00e3o assinada do estabelecimento em que atuam. \u00c9 preciso observar atentamente o calend\u00e1rio por idade divulgado pela Secretaria Municipal de Sa\u00fade.<\/p>\n","protected":false},"excerpt":{"rendered":"<p>A partir de segunda-feira (26), o posto para pedestres no campus Maracan\u00e3 da Universidade do<\/p>\n","protected":false},"author":2,"featured_media":13421,"comment_status":"open","ping_status":"open","sticky":false,"template":"","format":"standard","meta":{"footnotes":""},"categories":[17],"tags":[],"class_list":["post-13420","post","type-post","status-publish","format-standard","has-post-thumbnail","hentry","category-outras-noticias"],"_links":{"self":[{"href":"https:\/\/tvc16.com\/portal\/wp-json\/wp\/v2\/posts\/13420","targetHints":{"allow":["GET"]}}],"collection":[{"href":"https:\/\/tvc16.com\/portal\/wp-json\/wp\/v2\/posts"}],"about":[{"href":"https:\/\/tvc16.com\/portal\/wp-json\/wp\/v2\/types\/post"}],"author":[{"embeddable":true,"href":"https:\/\/tvc16.com\/portal\/wp-json\/wp\/v2\/users\/2"}],"replies":[{"embeddable":true,"href":"https:\/\/tvc16.com\/portal\/wp-json\/wp\/v2\/comments?post=13420"}],"version-history":[{"count":1,"href":"https:\/\/tvc16.com\/portal\/wp-json\/wp\/v2\/posts\/13420\/revisions"}],"predecessor-version":[{"id":13422,"href":"https:\/\/tvc16.com\/portal\/wp-json\/wp\/v2\/posts\/13420\/revisions\/13422"}],"wp:featuredmedia":[{"embeddable":true,"href":"https:\/\/tvc16.com\/portal\/wp-json\/wp\/v2\/media\/13421"}],"wp:attachment":[{"href":"https:\/\/tvc16.com\/portal\/wp-json\/wp\/v2\/media?parent=13420"}],"wp:term":[{"taxonomy":"category","embeddable":true,"href":"https:\/\/tvc16.com\/portal\/wp-json\/wp\/v2\/categories?post=13420"},{"taxonomy":"post_tag","embeddable":true,"href":"https:\/\/tvc16.com\/portal\/wp-json\/wp\/v2\/tags?post=13420"}],"curies":[{"name":"wp","href":"https:\/\/api.w.org\/{rel}","templated":true}]}}