{"id":13423,"date":"2021-04-25T00:33:31","date_gmt":"2021-04-25T03:33:31","guid":{"rendered":"https:\/\/tvc16.com\/portal\/?p=13423"},"modified":"2021-04-25T00:33:33","modified_gmt":"2021-04-25T03:33:33","slug":"as-melhores-atracoes-turisticas-de-milao-parte-i","status":"publish","type":"post","link":"https:\/\/tvc16.com\/portal\/2021\/04\/25\/as-melhores-atracoes-turisticas-de-milao-parte-i\/","title":{"rendered":"As melhores atra\u00e7\u00f5es tur\u00edsticas de Mil\u00e3o (parte I)"},"content":{"rendered":"\n<p><strong>Sandra Brito Writer &amp; Traveller<\/strong><\/p>\n\n\n\n<p><\/p>\n\n\n\n<figure class=\"wp-block-image size-large\"><img loading=\"lazy\" decoding=\"async\" width=\"1024\" height=\"541\" src=\"https:\/\/tvc16.com\/portal\/wp-content\/uploads\/2021\/04\/M1-1024x541.jpg\" alt=\"\" class=\"wp-image-13424\" srcset=\"https:\/\/tvc16.com\/portal\/wp-content\/uploads\/2021\/04\/M1-1024x541.jpg 1024w, https:\/\/tvc16.com\/portal\/wp-content\/uploads\/2021\/04\/M1-300x159.jpg 300w, https:\/\/tvc16.com\/portal\/wp-content\/uploads\/2021\/04\/M1-768x406.jpg 768w, https:\/\/tvc16.com\/portal\/wp-content\/uploads\/2021\/04\/M1-1536x812.jpg 1536w, https:\/\/tvc16.com\/portal\/wp-content\/uploads\/2021\/04\/M1.jpg 1920w\" sizes=\"auto, (max-width: 1024px) 100vw, 1024px\" \/><\/figure>\n\n\n\n<p>Mil\u00e3o \u00e9 uma cidade fant\u00e1stica, repleta de atra\u00e7\u00f5es e hist\u00f3ria. Muitos turistas, no entanto, se esquecem de coloc\u00e1-la no roteiro, dando prefer\u00eancia \u00e0s tradicionais Roma, Veneza e Floren\u00e7a. Al\u00e9m de ser considerada o centro financeiro e de neg\u00f3cios da It\u00e1lia, a capital mundial da moda \u00e9 uma cidade com um passado influente e uma riqu\u00edssima heran\u00e7a cultural.<\/p>\n\n\n\n<p>Voc\u00ea sabia, por exemplo, que Santo Agostinho foi batizado em uma bas\u00edlica que ficava onde hoje \u00e9 a Piazza del Duomo? Que os artistas Michelangelo e Leonardo da Vinci, o compositor Verdi, o grande tenor Enrico Caruso e o designer Giorgio Armani viveram e trabalharam em Mil\u00e3o? Que Napole\u00e3o foi coroado (na verdade, ele se coroou) dentro da Duomo? Que a cidade foi a sede da funda\u00e7\u00e3o do fascismo por Mussolini? Pois \u00e9, s\u00e3o in\u00fameros os fatos que poder\u00edamos citar. Todas essas hist\u00f3rias deixaram Mil\u00e3o com uma abund\u00e2ncia de tesouros art\u00edsticos, culturais e arquitet\u00f4nicos \u2013 elementos essenciais para todo e qualquer viajante de carteirinha.<\/p>\n\n\n\n<p>A grande Piazza del Duomo, em frente \u00e0 catedral, \u00e9 a \u00e1rea central das linhas de metr\u00f4. Chegando por ali, voc\u00ea encontrar\u00e1 muitas coisas para ver e fazer por perto. Na pequena Piazza dei Mercanti, voc\u00ea se sentir\u00e1 como se tivesse voltado \u00e0 Idade M\u00e9dia ao ficar sob a galeria do mercado de pedra em frente ao Palazzo della Ragione do s\u00e9culo XIII.<\/p>\n\n\n\n<p>Ao lado da bel\u00edssima Catedral Duomo, entre na elegantemente abobadada Galleria Vittorio Emanuele II, onde voc\u00ea se sentir\u00e1 avan\u00e7ando s\u00e9culos de hist\u00f3ria. Caminhe por ela para chegar \u00e0 frente da casa de \u00f3pera mais famosa do mundo. Tudo est\u00e1 a cinco minutos de dist\u00e2ncia. A seguir, voc\u00ea encontrar\u00e1 algumas das melhores dicas de atra\u00e7\u00f5es imperd\u00edveis de Mil\u00e3o.<\/p>\n\n\n\n<p><strong>Il Duomo \u2013 a fant\u00e1stica Catedral de Mil\u00e3o<\/strong><\/p>\n\n\n\n<figure class=\"wp-block-image size-large\"><img loading=\"lazy\" decoding=\"async\" width=\"1024\" height=\"737\" src=\"https:\/\/tvc16.com\/portal\/wp-content\/uploads\/2021\/04\/M2-1024x737.jpg\" alt=\"\" class=\"wp-image-13425\" srcset=\"https:\/\/tvc16.com\/portal\/wp-content\/uploads\/2021\/04\/M2-1024x737.jpg 1024w, https:\/\/tvc16.com\/portal\/wp-content\/uploads\/2021\/04\/M2-300x216.jpg 300w, https:\/\/tvc16.com\/portal\/wp-content\/uploads\/2021\/04\/M2-768x553.jpg 768w, https:\/\/tvc16.com\/portal\/wp-content\/uploads\/2021\/04\/M2.jpg 1080w\" sizes=\"auto, (max-width: 1024px) 100vw, 1024px\" \/><\/figure>\n\n\n\n<p>A enorme Catedral de Santa Maria Nascente, que os milaneses chamam carinhosamente de &#8220;Il Duomo&#8221;, est\u00e1 entre as maiores do mundo (tem capacidade para 40.000 pessoas) e \u00e9 um dos mais belos exemplos de estilo g\u00f3tico. Foi iniciada no s\u00e9culo XIV, mas sua fachada n\u00e3o havia sido conclu\u00edda at\u00e9 o in\u00edcio de 1800, sob as ordens de Napole\u00e3o.<\/p>\n\n\n\n<p>O telhado \u00e9 coberto por 135 pin\u00e1culos de pedra delicadamente entalhados e o exterior \u00e9 decorado com 2.245 est\u00e1tuas de m\u00e1rmore. O interior escuro, em contraste marcante com o exterior brilhante e ricamente padronizado, causa uma impress\u00e3o poderosa com seus 52 pilares gigantescos. Os vitrais da nave (principalmente dos s\u00e9culos XV-XVI) s\u00e3o os maiores do mundo.<\/p>\n\n\n\n<p>Os destaques incluem o candelabro de bronze de sete bra\u00e7os de Nicolau de Verdun, a tumba do s\u00e9culo XVI de Gian Giacomo Medici e o relic\u00e1rio de ouro com j\u00f3ias de San Carlo Borromeo na capela octogonal Borromeo que sai da cripta.<\/p>\n\n\n\n<p>Na sacristia sul encontra-se a tesouraria com trabalhos em ouro e prata do s\u00e9culo IV ao s\u00e9culo XVII. Uma caminhada no telhado da catedral \u00e9 uma experi\u00eancia impressionante, oferecendo as mais belas vistas da cidade e estendendo-se em dias claros at\u00e9 os Alpes cobertos de neve. Um elevador o levar\u00e1 at\u00e9 bem pr\u00f3ximo \u00e0 plataforma da c\u00fapula, com exce\u00e7\u00e3o dos \u00faltimos 73 degraus (que voc\u00ea dever\u00e1 subir a p\u00e9).<\/p>\n\n\n\n<p>Na frente do Duomo, perto do portal central, voc\u00ea pode descer sob a Piazza del Duomo at\u00e9 as funda\u00e7\u00f5es da Bas\u00edlica di Santa Tecla (s\u00e9culos IV, V e VII) e do batist\u00e9rio do s\u00e9culo IV, Battistero di San Giovanni alle Fonti, que foram descobertos durante a constru\u00e7\u00e3o do sistema de metr\u00f4 de Mil\u00e3o. Sem sombra de d\u00favida, um excelente ponto de partida para sua viagem.<\/p>\n\n\n\n<p><strong>&nbsp;A \u00daltima Ceia, de Leonardo da Vinci<\/strong><\/p>\n\n\n\n<figure class=\"wp-block-image size-large\"><img loading=\"lazy\" decoding=\"async\" width=\"600\" height=\"451\" src=\"https:\/\/tvc16.com\/portal\/wp-content\/uploads\/2021\/04\/M4.jpg\" alt=\"\" class=\"wp-image-13426\" srcset=\"https:\/\/tvc16.com\/portal\/wp-content\/uploads\/2021\/04\/M4.jpg 600w, https:\/\/tvc16.com\/portal\/wp-content\/uploads\/2021\/04\/M4-300x226.jpg 300w, https:\/\/tvc16.com\/portal\/wp-content\/uploads\/2021\/04\/M4-200x150.jpg 200w\" sizes=\"auto, (max-width: 600px) 100vw, 600px\" \/><\/figure>\n\n\n\n<p>A igreja g\u00f3tica de tijolos de Santa Maria delle Grazie, no Corso Magenta, foi iniciada por volta de 1465 e sua enorme c\u00fapula de seis lados no melhor estilo do in\u00edcio da Renascen\u00e7a foi projetada por Bramante, um dos arquitetos renascentistas mais influentes da It\u00e1lia.<\/p>\n\n\n\n<p>A igreja &#8211; e o refeit\u00f3rio adjacente, que abriga a \u00daltima Ceia, de Leonardo da Vinci &#8211; foram gravemente danificados na Segunda Guerra Mundial e, durante os trabalhos de reforma, antigas pinturas na c\u00fapula foram trazidas \u00e0 luz. Mas a raz\u00e3o pela qual a maioria dos turistas visita Santa Maria delle Grazie \u00e9 para ver a obra mais famosa de da Vinci, pintada na parede do refeit\u00f3rio do antigo mosteiro dominicano. O Cenacolo Vinciano, como aqui \u00e9 chamado, foi pintado na parede em t\u00eampera entre 1495 e 1497.<\/p>\n\n\n\n<figure class=\"wp-block-image size-large\"><img loading=\"lazy\" decoding=\"async\" width=\"730\" height=\"487\" src=\"https:\/\/tvc16.com\/portal\/wp-content\/uploads\/2021\/04\/M3.jpg\" alt=\"\" class=\"wp-image-13427\" srcset=\"https:\/\/tvc16.com\/portal\/wp-content\/uploads\/2021\/04\/M3.jpg 730w, https:\/\/tvc16.com\/portal\/wp-content\/uploads\/2021\/04\/M3-300x200.jpg 300w\" sizes=\"auto, (max-width: 730px) 100vw, 730px\" \/><\/figure>\n\n\n\n<p>Em vez de representa\u00e7\u00f5es est\u00e1ticas anteriores da \u00faltima refei\u00e7\u00e3o de Cristo com seus disc\u00edpulos, Da Vinci apresenta uma representa\u00e7\u00e3o dram\u00e1tica da cena, bastante inovadora na \u00e9poca, um marco importante para o desenvolvimento da arte. A pintura, que j\u00e1 havia come\u00e7ado a descascar antes que a destrui\u00e7\u00e3o de parte da sala a deixasse exposta ao tempo, foi restaurada v\u00e1rias vezes, processo que provavelmente nunca estar\u00e1 totalmente conclu\u00eddo. A entrada \u00e9 limitada e restrita \u00e0queles com ingressos programados antecipadamente.<\/p>\n\n\n\n<p><strong>Galleria Vittorio Emanuele II: lojas de luxo e caf\u00e9s elegantes<\/strong><\/p>\n\n\n\n<figure class=\"wp-block-image size-large\"><img loading=\"lazy\" decoding=\"async\" width=\"730\" height=\"587\" src=\"https:\/\/tvc16.com\/portal\/wp-content\/uploads\/2021\/04\/M5.jpg\" alt=\"\" class=\"wp-image-13428\" srcset=\"https:\/\/tvc16.com\/portal\/wp-content\/uploads\/2021\/04\/M5.jpg 730w, https:\/\/tvc16.com\/portal\/wp-content\/uploads\/2021\/04\/M5-300x241.jpg 300w\" sizes=\"auto, (max-width: 730px) 100vw, 730px\" \/><\/figure>\n\n\n\n<p>Formando um lado da Piazza del Duomo e abrindo do outro lado para a Piazza della Scala, a grande Galleria Vittorio Emanuele II foi projetada por Giuseppe Mengoni e constru\u00edda entre 1865 e 1877. Era ent\u00e3o a maior galeria comercial da Europa, com uma c\u00fapula elevada 48 metros acima do piso de mosaico.<\/p>\n\n\n\n<p>Marcando o in\u00edcio da arquitetura moderna na It\u00e1lia, hoje \u00e9 um exemplo espl\u00eandido da constru\u00e7\u00e3o industrial em ferro e vidro do s\u00e9culo XIX. E ainda \u00e9 um lugar bonito e vibrante onde os moradores se encontram para almo\u00e7ar ou tomar um caf\u00e9 em seus elegantes caf\u00e9s e passear em suas lojas luxuosas.<\/p>\n\n\n\n<p><strong>Castello Sforzesco<\/strong><\/p>\n\n\n\n<figure class=\"wp-block-image size-large\"><img loading=\"lazy\" decoding=\"async\" width=\"512\" height=\"372\" src=\"https:\/\/tvc16.com\/portal\/wp-content\/uploads\/2021\/04\/M6.jpg\" alt=\"\" class=\"wp-image-13429\" srcset=\"https:\/\/tvc16.com\/portal\/wp-content\/uploads\/2021\/04\/M6.jpg 512w, https:\/\/tvc16.com\/portal\/wp-content\/uploads\/2021\/04\/M6-300x218.jpg 300w\" sizes=\"auto, (max-width: 512px) 100vw, 512px\" \/><\/figure>\n\n\n\n<p>O Castello Sforzesco, propriedade das fam\u00edlias Visconti (1277 a 1447) e Sforza (1450 a 1535) que governaram Mil\u00e3o, foi constru\u00eddo em 1368 e reconstru\u00eddo em 1450. A Torre de Filarete de 70 metros \u00e9 uma reprodu\u00e7\u00e3o de 1905 do port\u00e3o original.<\/p>\n\n\n\n<p>O Castello abriga o Musei del Castello Sforzesco, uma s\u00e9rie de museus, um dos quais apresenta esculturas. A cole\u00e7\u00e3o inclui a Piet\u00e0 Rondanini, a \u00faltima obra-prima de Michelangelo, trazida para c\u00e1 em 1953 do Palazzo Rondanini em Roma.<\/p>\n\n\n\n<figure class=\"wp-block-image size-large\"><img loading=\"lazy\" decoding=\"async\" width=\"822\" height=\"1024\" src=\"https:\/\/tvc16.com\/portal\/wp-content\/uploads\/2021\/04\/M7-822x1024.png\" alt=\"\" class=\"wp-image-13430\" srcset=\"https:\/\/tvc16.com\/portal\/wp-content\/uploads\/2021\/04\/M7-822x1024.png 822w, https:\/\/tvc16.com\/portal\/wp-content\/uploads\/2021\/04\/M7-241x300.png 241w, https:\/\/tvc16.com\/portal\/wp-content\/uploads\/2021\/04\/M7-768x956.png 768w, https:\/\/tvc16.com\/portal\/wp-content\/uploads\/2021\/04\/M7.png 1080w\" sizes=\"auto, (max-width: 822px) 100vw, 822px\" \/><\/figure>\n\n\n\n<p>Outros museus apresentam uma cole\u00e7\u00e3o de arte decorativa, antiguidades pr\u00e9-hist\u00f3ricas e eg\u00edpcias, uma cole\u00e7\u00e3o de hist\u00f3ria musical e um arsenal de armas e armaduras medievais. A galeria de imagens inclui pinturas de Bellini, Correggio, Mantegna, Bergognone, Foppa, Lotto, Tintoretto e Antonello da Messina. Entre os dois p\u00e1tios traseiros do Castello, uma passagem leva ao parque, originalmente o jardim dos duques de Mil\u00e3o e mais tarde um campo de treinamento militar. Passeio imperd\u00edvel!<\/p>\n\n\n\n<p><strong>Pinacoteca di Brera<\/strong><\/p>\n\n\n\n<figure class=\"wp-block-image size-large\"><img loading=\"lazy\" decoding=\"async\" width=\"730\" height=\"563\" src=\"https:\/\/tvc16.com\/portal\/wp-content\/uploads\/2021\/04\/M8.jpg\" alt=\"\" class=\"wp-image-13431\" srcset=\"https:\/\/tvc16.com\/portal\/wp-content\/uploads\/2021\/04\/M8.jpg 730w, https:\/\/tvc16.com\/portal\/wp-content\/uploads\/2021\/04\/M8-300x231.jpg 300w\" sizes=\"auto, (max-width: 730px) 100vw, 730px\" \/><\/figure>\n\n\n\n<p>O Renaissance Palazzo di Brera, constru\u00eddo entre 1651 e 1773, era originalmente um col\u00e9gio jesu\u00edta, mas desde 1776 funciona como Accademia di Belle Arti. Junto com a biblioteca e o observat\u00f3rio, ele cont\u00e9m ainda a riqu\u00edssima Pinacoteca di Brera, um dos melhores museus de arte de toda a It\u00e1lia.<\/p>\n\n\n\n<p>Grande parte da arte foi adquirida quando as igrejas foram fechadas ou demolidas, e o museu \u00e9 especialmente forte em pinturas de mestres do norte da It\u00e1lia. Ao entrar pelo p\u00e1tio, voc\u00ea ver\u00e1 um monumento de 1809 a Napole\u00e3o I do escultor Canova.<\/p>\n\n\n\n<p>Entre as pinturas do s\u00e9culo XV, destacam-se as obras de Mantegna (Madonna em um anel de cabe\u00e7as de anjos e lamenta\u00e7\u00e3o). Os mestres venezianos s\u00e3o representados por Giovanni Bellini (Lamenta\u00e7\u00e3o e duas Madonas), Paolo Veronese, Ticiano (Conde Antonio Porcia e S\u00e3o Jer\u00f4nimo) e Tintoretto (Descoberta do Corpo de S\u00e3o Marcos e Descida da Cruz) e retratos de Lorenzo Lotto e Giovanni Battista Moroni.<\/p>\n\n\n\n<p>O quadro mais famoso da galeria \u00e9 o Casamento da Virgem, de Rafael (Lo Sposalizio), a melhor obra de seu primeiro per\u00edodo. Entre os mestres estrangeiros destacam-se Rembrandt (retratos de mulheres, incluindo The Artist&#8217;s Sister), Van Dyck (Princesa Am\u00e1lia de Solms), Rubens (\u00daltima Ceia) e El Greco (S\u00e3o Francisco).<\/p>\n\n\n\n<p>Nem tudo s\u00e3o mestres antigos &#8211; voc\u00ea tamb\u00e9m encontrar\u00e1 aqui obras de Picasso, Braque e Modigliani. A maioria dos visitantes perde o segredinho de Brera: o Orto Botanico di Brera, um jardim encantador em um de seus p\u00e1tios internos, um o\u00e1sis escondido de \u00e1rvores ex\u00f3ticas, piscinas e canteiros de flores com uma estufa do s\u00e9culo XIX.<\/p>\n\n\n\n<p><strong>\u00d3pera no Teatro alla Scala<\/strong><\/p>\n\n\n\n<figure class=\"wp-block-image size-large\"><img loading=\"lazy\" decoding=\"async\" width=\"730\" height=\"485\" src=\"https:\/\/tvc16.com\/portal\/wp-content\/uploads\/2021\/04\/M9.jpg\" alt=\"\" class=\"wp-image-13432\" srcset=\"https:\/\/tvc16.com\/portal\/wp-content\/uploads\/2021\/04\/M9.jpg 730w, https:\/\/tvc16.com\/portal\/wp-content\/uploads\/2021\/04\/M9-300x199.jpg 300w\" sizes=\"auto, (max-width: 730px) 100vw, 730px\" \/><\/figure>\n\n\n\n<p>Considerada a casa de maior prest\u00edgio do mundo, o La Scala tocou a m\u00fasica de todos os grandes compositores e cantores de \u00f3pera, e seu p\u00fablico &#8211; o teatro acomoda 2.800 pessoas &#8211; \u00e9 conhecido (e temido) como o mais exigente da It\u00e1lia. A temporada come\u00e7a no in\u00edcio de dezembro e vai at\u00e9 maio, mas os ingressos costumam ser dif\u00edceis de conseguir. Bom mesmo, \u00e9 reservar com meses de anteced\u00eancia.<\/p>\n\n\n\n<p>No mesmo edif\u00edcio est\u00e1 o Museo Teatrale alla Scala, onde voc\u00ea encontrar\u00e1 uma cole\u00e7\u00e3o de trajes de performances marcantes e lembran\u00e7as hist\u00f3ricas e pessoais dos grandes nomes que atuaram e cujas obras foram executadas no La Scala, incluindo Verdi, Rossini e o maestro Arturo Toscanini. Se n\u00e3o houver ensaio em andamento, o museu oferece acesso para ver o interior da pr\u00f3pria casa de \u00f3pera, uma das maiores do mundo.<\/p>\n\n\n\n<p><strong>Sant&#8217;Ambrogio<\/strong><\/p>\n\n\n\n<figure class=\"wp-block-image size-large\"><img loading=\"lazy\" decoding=\"async\" width=\"730\" height=\"487\" src=\"https:\/\/tvc16.com\/portal\/wp-content\/uploads\/2021\/04\/M10.jpg\" alt=\"\" class=\"wp-image-13433\" srcset=\"https:\/\/tvc16.com\/portal\/wp-content\/uploads\/2021\/04\/M10.jpg 730w, https:\/\/tvc16.com\/portal\/wp-content\/uploads\/2021\/04\/M10-300x200.jpg 300w\" sizes=\"auto, (max-width: 730px) 100vw, 730px\" \/><\/figure>\n\n\n\n<p>A igreja de Sant&#8217;Ambrogio foi fundada em 386 por Santo Ambr\u00f3sio, que nasceu em Mil\u00e3o e \u00e9 o padroeiro da cidade. A atual igreja \u00e9 uma obra-prima da arquitetura rom\u00e2nica, constru\u00edda no s\u00e9culo XII em torno do coro de uma igreja do in\u00edcio do s\u00e9culo IX.<\/p>\n\n\n\n<p>H\u00e1 muito para se ver aqui, a come\u00e7ar pelo grande p\u00f3rtico, tamb\u00e9m do s\u00e9culo IX, e o \u00e1trio, cujos portais em pedra talhada o colocam entre os melhores exemplos europeus do per\u00edodo rom\u00e2nico.<\/p>\n\n\n\n<p>No interior, certifique-se de ver o p\u00falpito com entalhes rom\u00e2nicos e o ricamente entalhado sarc\u00f3fago de Stilicone do s\u00e9culo IV (localizado abaixo dele). A caixa do altar-mor \u00e9 uma obra-prima da arte carol\u00edngia feita no ano de 835 em Mil\u00e3o. N\u00e3o se esque\u00e7a de ver tamb\u00e9m a bel\u00edssima c\u00fapula em mosaico do Sacello di San Vittore original do s\u00e9culo IV, acess\u00edvel atrav\u00e9s da \u00faltima capela \u00e0 direita.<\/p>\n\n\n\n<p><strong>Cimitero Monumentale<\/strong><\/p>\n\n\n\n<figure class=\"wp-block-image size-large\"><img loading=\"lazy\" decoding=\"async\" width=\"730\" height=\"454\" src=\"https:\/\/tvc16.com\/portal\/wp-content\/uploads\/2021\/04\/M11.jpg\" alt=\"\" class=\"wp-image-13434\" srcset=\"https:\/\/tvc16.com\/portal\/wp-content\/uploads\/2021\/04\/M11.jpg 730w, https:\/\/tvc16.com\/portal\/wp-content\/uploads\/2021\/04\/M11-300x187.jpg 300w\" sizes=\"auto, (max-width: 730px) 100vw, 730px\" \/><\/figure>\n\n\n\n<p>Com toda a magn\u00edfica arquitetura e arte da It\u00e1lia grega e romana, medievais e renascentistas, \u00e9 f\u00e1cil esquecer que a It\u00e1lia tamb\u00e9m tem alguns exemplos not\u00e1veis do per\u00edodo Art Nouveau, conhecido aqui como Stile Liberty.<\/p>\n\n\n\n<p>O Cimitero Monumentale, pr\u00f3ximo \u00e0 esta\u00e7\u00e3o ferrovi\u00e1ria Stazione Porta Garibaldi, \u00e9 uma galeria ao ar livre de esculturas Art Nouveau, muitas delas de famosos escultores italianos. Atr\u00e1s de um p\u00f3rtico de m\u00e1rmore listrado e monumental, esses monumentos marcam os t\u00famulos dos ricos e famosos de Mil\u00e3o do final de 1800 a meados do s\u00e9culo XX. Um mapa tur\u00edstico \u00e9 uma boa pedida para ajudar a encontrar os monumentos espalhados por essa cidade \u2013 de uma efervesc\u00eancia cultural imensur\u00e1vel.<\/p>\n\n\n\n<p>Esta foi apenas a primeira parte de nosso tour por Mil\u00e3o. N\u00e3o deixe de conhecer a cidade, caso a It\u00e1lia esteja em seus planos para quando tudo isso passar. Boa viagem!\u00a0<\/p>\n","protected":false},"excerpt":{"rendered":"<p>Sandra Brito Writer &amp; Traveller Mil\u00e3o \u00e9 uma cidade fant\u00e1stica, repleta de atra\u00e7\u00f5es e hist\u00f3ria.<\/p>\n","protected":false},"author":2,"featured_media":13435,"comment_status":"open","ping_status":"open","sticky":false,"template":"","format":"standard","meta":{"footnotes":""},"categories":[16],"tags":[],"class_list":["post-13423","post","type-post","status-publish","format-standard","has-post-thumbnail","hentry","category-colunistas"],"_links":{"self":[{"href":"https:\/\/tvc16.com\/portal\/wp-json\/wp\/v2\/posts\/13423","targetHints":{"allow":["GET"]}}],"collection":[{"href":"https:\/\/tvc16.com\/portal\/wp-json\/wp\/v2\/posts"}],"about":[{"href":"https:\/\/tvc16.com\/portal\/wp-json\/wp\/v2\/types\/post"}],"author":[{"embeddable":true,"href":"https:\/\/tvc16.com\/portal\/wp-json\/wp\/v2\/users\/2"}],"replies":[{"embeddable":true,"href":"https:\/\/tvc16.com\/portal\/wp-json\/wp\/v2\/comments?post=13423"}],"version-history":[{"count":1,"href":"https:\/\/tvc16.com\/portal\/wp-json\/wp\/v2\/posts\/13423\/revisions"}],"predecessor-version":[{"id":13436,"href":"https:\/\/tvc16.com\/portal\/wp-json\/wp\/v2\/posts\/13423\/revisions\/13436"}],"wp:featuredmedia":[{"embeddable":true,"href":"https:\/\/tvc16.com\/portal\/wp-json\/wp\/v2\/media\/13435"}],"wp:attachment":[{"href":"https:\/\/tvc16.com\/portal\/wp-json\/wp\/v2\/media?parent=13423"}],"wp:term":[{"taxonomy":"category","embeddable":true,"href":"https:\/\/tvc16.com\/portal\/wp-json\/wp\/v2\/categories?post=13423"},{"taxonomy":"post_tag","embeddable":true,"href":"https:\/\/tvc16.com\/portal\/wp-json\/wp\/v2\/tags?post=13423"}],"curies":[{"name":"wp","href":"https:\/\/api.w.org\/{rel}","templated":true}]}}