{"id":13437,"date":"2021-04-25T09:19:43","date_gmt":"2021-04-25T12:19:43","guid":{"rendered":"https:\/\/tvc16.com\/portal\/?p=13437"},"modified":"2021-04-25T09:19:45","modified_gmt":"2021-04-25T12:19:45","slug":"estado-do-rio-apresenta-bandeira-vermelha-no-mapa-de-risco-da-covid-19","status":"publish","type":"post","link":"https:\/\/tvc16.com\/portal\/2021\/04\/25\/estado-do-rio-apresenta-bandeira-vermelha-no-mapa-de-risco-da-covid-19\/","title":{"rendered":"Estado do Rio apresenta bandeira vermelha no Mapa de Risco da Covid-19"},"content":{"rendered":"\n<p><em>Na 27\u00aa edi\u00e7\u00e3o do documento, duas regi\u00f5es do estado apresentam melhora nos par\u00e2metros epidemiol\u00f3gicos<\/em><\/p>\n\n\n\n<p><em><br><\/em>A 27\u00aa edi\u00e7\u00e3o do Mapa de Risco da Covid-19, divulgada nesta sexta-feira pela Secretaria de Estado de Sa\u00fade, mostra o Estado do Rio de Janeiro com bandeira vermelha (risco alto de contrair a doen\u00e7a), mas aponta para uma melhora nos par\u00e2metros epidemiol\u00f3gicos. A Regi\u00e3o Metropolitana I, \u00fanica do estado que permanecia com bandeira roxa (risco muito alto de contrair a doen\u00e7a), entra para bandeira vermelha; a do M\u00e9dio Para\u00edba, que apresentava bandeira vermelha (risco alto), passa para a cor laranja (risco moderado). As regi\u00f5es Centro-Sul, Baixada Litor\u00e2nea, Noroeste, Norte, Ba\u00eda de Ilha Grande, Metropolitana II e Serrana permanecem com bandeira vermelha (risco alto). A an\u00e1lise compara a semana epidemiol\u00f3gica 14 (04 de abril &#8211; 10 de abril) com a 12 (21 de mar\u00e7o &#8211; 27 de mar\u00e7o) de 2021.<br>Cada bandeira representa um n\u00edvel de risco e um conjunto de recomenda\u00e7\u00f5es de isolamento social, que variam entre as cores roxa (risco muito alto), vermelha (risco alto), laranja (risco moderado), amarela (risco baixo) e verde (risco muito baixo).<br>O Estado do Rio de Janeiro (ERJ) apresentou um aumento do n\u00famero de \u00f3bitos (13%) e uma redu\u00e7\u00e3o dos casos de interna\u00e7\u00f5es por S\u00edndrome Respirat\u00f3ria Aguda Grave &#8211; SRAG (-26%) na compara\u00e7\u00e3o entre as semanas epidemiol\u00f3gicas analisadas. As taxas de ocupa\u00e7\u00e3o de leitos no estado, nesta sexta-feira (23), est\u00e3o em 66,2% para leitos de enfermaria e 87,3% para UTI.<br>Os resultados apurados para os indicadores apresentados devem auxiliar a tomada de decis\u00e3o, al\u00e9m de informar a necessidade de ado\u00e7\u00e3o de medidas restritivas, conforme o n\u00edvel de risco de cada regi\u00e3o.<br><strong>Dois milh\u00f5es de vacinados\u00a0&#8211; Hoje, o Estado do Rio de Janeiro alcan\u00e7ou a marca de 2 milh\u00f5es de cidad\u00e3os fluminenses vacinados contra a Covid-19. Segundo a \u00faltima atualiza\u00e7\u00e3o do Vacin\u00f4metro do estado, no site\u00a0<a rel=\"noreferrer noopener\" target=\"_blank\" href=\"https:\/\/vacinacaocovid19.saude.rj.gov.br\/\">Vacina\u00e7\u00e3o Covid,<\/a>\u00a0em 23\/04, \u00e0s 9h, foram aplicadas 2.019.561 vacinas da primeira dose e 639.911 da segunda dose. A Secretaria de Estado de Sa\u00fade (SES) tem trabalhado ininterruptamente ao lado dos munic\u00edpios na log\u00edstica e na distribui\u00e7\u00e3o dos imunizantes. A vacina \u00e9 segura e salva vidas.<\/strong><br><strong>Sequenciamento gen\u00e9tico\u00a0&#8211; Um dos maiores estudos na \u00e1rea de sequenciamento do v\u00edrus da Covid-19 do pa\u00eds, com a participa\u00e7\u00e3o da Secretaria de Estado de Sa\u00fade (SES) e financiado pela Funda\u00e7\u00e3o de Amparo \u00e0 Pesquisa do Estado do Rio de Janeiro (Faperj), j\u00e1 apresentou os primeiros resultados. Feita para se verificar as novas variantes da Covid-19 em circula\u00e7\u00e3o no Estado do Rio de Janeiro e entender mais sobre as modifica\u00e7\u00f5es sofridas pelo SARS-CoV-2, a pesquisa partiu da an\u00e1lise de 90 amostras, colhidas de 24 a 28 de mar\u00e7o. E confirmou a circula\u00e7\u00e3o das linhagens P1, P2 e B.1.1.7, com predomin\u00e2ncia da P1 nesta terceira onda da pandemia no Rio. Nos pr\u00f3ximos seis meses, ser\u00e3o analisadas cerca de 400 amostras a cada 15 dias, totalizando 4.800 amostras. A parceria envolve ainda o Laborat\u00f3rio Nacional de Computa\u00e7\u00e3o Cient\u00edfica (LNCC), o Laborat\u00f3rio de Virologia Molecular da UFRJ, o Laborat\u00f3rio Central Noel Nutels (LACEN-RJ), a Fiocruz e a Secretaria Municipal de Sa\u00fade do Rio.<\/strong><\/p>\n","protected":false},"excerpt":{"rendered":"<p>Na 27\u00aa edi\u00e7\u00e3o do documento, duas regi\u00f5es do estado apresentam melhora nos par\u00e2metros epidemiol\u00f3gicos A<\/p>\n","protected":false},"author":2,"featured_media":13438,"comment_status":"open","ping_status":"open","sticky":false,"template":"","format":"standard","meta":{"footnotes":""},"categories":[17],"tags":[],"class_list":["post-13437","post","type-post","status-publish","format-standard","has-post-thumbnail","hentry","category-outras-noticias"],"_links":{"self":[{"href":"https:\/\/tvc16.com\/portal\/wp-json\/wp\/v2\/posts\/13437","targetHints":{"allow":["GET"]}}],"collection":[{"href":"https:\/\/tvc16.com\/portal\/wp-json\/wp\/v2\/posts"}],"about":[{"href":"https:\/\/tvc16.com\/portal\/wp-json\/wp\/v2\/types\/post"}],"author":[{"embeddable":true,"href":"https:\/\/tvc16.com\/portal\/wp-json\/wp\/v2\/users\/2"}],"replies":[{"embeddable":true,"href":"https:\/\/tvc16.com\/portal\/wp-json\/wp\/v2\/comments?post=13437"}],"version-history":[{"count":1,"href":"https:\/\/tvc16.com\/portal\/wp-json\/wp\/v2\/posts\/13437\/revisions"}],"predecessor-version":[{"id":13439,"href":"https:\/\/tvc16.com\/portal\/wp-json\/wp\/v2\/posts\/13437\/revisions\/13439"}],"wp:featuredmedia":[{"embeddable":true,"href":"https:\/\/tvc16.com\/portal\/wp-json\/wp\/v2\/media\/13438"}],"wp:attachment":[{"href":"https:\/\/tvc16.com\/portal\/wp-json\/wp\/v2\/media?parent=13437"}],"wp:term":[{"taxonomy":"category","embeddable":true,"href":"https:\/\/tvc16.com\/portal\/wp-json\/wp\/v2\/categories?post=13437"},{"taxonomy":"post_tag","embeddable":true,"href":"https:\/\/tvc16.com\/portal\/wp-json\/wp\/v2\/tags?post=13437"}],"curies":[{"name":"wp","href":"https:\/\/api.w.org\/{rel}","templated":true}]}}