{"id":13440,"date":"2021-04-26T10:53:42","date_gmt":"2021-04-26T13:53:42","guid":{"rendered":"https:\/\/tvc16.com\/portal\/?p=13440"},"modified":"2021-04-26T11:03:43","modified_gmt":"2021-04-26T14:03:43","slug":"mais-um-atropelamento-e-registrado-na-br-040","status":"publish","type":"post","link":"https:\/\/tvc16.com\/portal\/2021\/04\/26\/mais-um-atropelamento-e-registrado-na-br-040\/","title":{"rendered":"Acidente envolvendo ciclistas \u00e9 registrado na BR-040"},"content":{"rendered":"\n<p>Na \u00faltima sexta-feira (23), Lu\u00eds Alberto Silva, e outro ciclista colidiram na BR-040, pr\u00f3ximo \u00e0 entrada do bairro Vila Rica, em Pedro do Rio. A v\u00edtima, que \u00e9 propagandista, retornava do trabalho em Itaipava. De acordo com a Concer, concession\u00e1ria que administra a BR-040, a v\u00edtima relatou que foi atingida por volta das 19h20 por outro ciclista, que deixou o local sem prestar socorro.<\/p>\n\n\n\n<p>Lu\u00eds foi socorrido e levado para o Hospital Santa Teresa (HST), que informou ele sofreu traumatismo craniano e precisou ficar sedado na UTI, mas estava est\u00e1vel at\u00e9 a noite de domingo (25). A bicicleta em que ele estava foi levada por funcion\u00e1rios da Concer, at\u00e9 a casa dele e entregue a esposa da v\u00edtima.<\/p>\n\n\n\n<p>Lu\u00eds \u00e9 respons\u00e1vel pela cria\u00e7\u00e3o da R\u00e1dio Poste Comunit\u00e1ria Vila Rica, que surgiu durante a pandemia provocada pela Covid-19, e que funciona atrav\u00e9s de caixas de som instaladas nos postes do bairro. A r\u00e1dio transmite na regi\u00e3o vizinhan\u00e7a sobre atividades e temas referentes \u00e0 cidade.<\/p>\n","protected":false},"excerpt":{"rendered":"<p>Na \u00faltima sexta-feira (23), Lu\u00eds Alberto Silva, e outro ciclista colidiram na BR-040, pr\u00f3ximo \u00e0<\/p>\n","protected":false},"author":2,"featured_media":0,"comment_status":"open","ping_status":"open","sticky":false,"template":"","format":"standard","meta":{"footnotes":""},"categories":[12],"tags":[],"class_list":["post-13440","post","type-post","status-publish","format-standard","hentry","category-cidade"],"_links":{"self":[{"href":"https:\/\/tvc16.com\/portal\/wp-json\/wp\/v2\/posts\/13440","targetHints":{"allow":["GET"]}}],"collection":[{"href":"https:\/\/tvc16.com\/portal\/wp-json\/wp\/v2\/posts"}],"about":[{"href":"https:\/\/tvc16.com\/portal\/wp-json\/wp\/v2\/types\/post"}],"author":[{"embeddable":true,"href":"https:\/\/tvc16.com\/portal\/wp-json\/wp\/v2\/users\/2"}],"replies":[{"embeddable":true,"href":"https:\/\/tvc16.com\/portal\/wp-json\/wp\/v2\/comments?post=13440"}],"version-history":[{"count":3,"href":"https:\/\/tvc16.com\/portal\/wp-json\/wp\/v2\/posts\/13440\/revisions"}],"predecessor-version":[{"id":13445,"href":"https:\/\/tvc16.com\/portal\/wp-json\/wp\/v2\/posts\/13440\/revisions\/13445"}],"wp:attachment":[{"href":"https:\/\/tvc16.com\/portal\/wp-json\/wp\/v2\/media?parent=13440"}],"wp:term":[{"taxonomy":"category","embeddable":true,"href":"https:\/\/tvc16.com\/portal\/wp-json\/wp\/v2\/categories?post=13440"},{"taxonomy":"post_tag","embeddable":true,"href":"https:\/\/tvc16.com\/portal\/wp-json\/wp\/v2\/tags?post=13440"}],"curies":[{"name":"wp","href":"https:\/\/api.w.org\/{rel}","templated":true}]}}