{"id":13468,"date":"2021-04-26T11:44:42","date_gmt":"2021-04-26T14:44:42","guid":{"rendered":"https:\/\/tvc16.com\/portal\/?p=13468"},"modified":"2021-04-26T11:44:44","modified_gmt":"2021-04-26T14:44:44","slug":"caixa-inicia-hoje-campanha-de-arrecadacao-de-alimentos","status":"publish","type":"post","link":"https:\/\/tvc16.com\/portal\/2021\/04\/26\/caixa-inicia-hoje-campanha-de-arrecadacao-de-alimentos\/","title":{"rendered":"Caixa inicia hoje campanha de arrecada\u00e7\u00e3o de alimentos"},"content":{"rendered":"\n<h3 class=\"wp-block-heading\">Expectativa \u00e9 doar 160 toneladas de mantimentos em 2021<\/h3>\n\n\n\n<h4 class=\"wp-block-heading\">Por Pedro Peduzzi &#8211; Rep\u00f3rter da Ag\u00eancia Brasil &#8211; Bras\u00edlia<\/h4>\n\n\n\n<p>Ag\u00eancias da Caixa de todo o pa\u00eds servir\u00e3o, a partir de hoje (26), de pontos de coleta de alimentos n\u00e3o perec\u00edveis, conforme anunciado pelo presidente do banco, Pedro Guimar\u00e3es, na \u00faltima sexta-feira (23).<img decoding=\"async\" src=\"https:\/\/agenciabrasil.ebc.com.br\/ebc.png?id=1407772&amp;o=node\"><img decoding=\"async\" src=\"https:\/\/agenciabrasil.ebc.com.br\/ebc.gif?id=1407772&amp;o=node\"><\/p>\n\n\n\n<p>A campanha de arrecada\u00e7\u00e3o integra o programa Caixa Solid\u00e1ria e tem, por objetivo, beneficiar fam\u00edlias em situa\u00e7\u00e3o de vulnerabilidade. A Caixa ressalta que 4,2 mil ag\u00eancias participam da campanha, mas apenas como pontos de coleta &#8211; e que, portanto, n\u00e3o haver\u00e1 distribui\u00e7\u00e3o de alimentos nesses espa\u00e7os.<\/p>\n\n\n\n<p>O recolhimento e a distribui\u00e7\u00e3o dos alimentos ser\u00e1 feita por meio de parceria com o programa P\u00e1tria Volunt\u00e1ria, do Governo Federal, e beneficiar\u00e1 institui\u00e7\u00f5es contempladas no \u00e2mbito do projeto Brasil Acolhedor. A lista com o nome das institui\u00e7\u00f5es que receber\u00e3o os alimentos ser\u00e1 divulgada regionalmente nesta semana.<\/p>\n\n\n\n<p>De acordo com a Caixa, a expectativa \u00e9 doar 160 toneladas de mantimentos em 2021. O n\u00famero faz alus\u00e3o aos 160 anos da Caixa, comemorados no dia 12 de janeiro.<\/p>\n\n\n\n<p>\u201cAl\u00e9m disso, a Caixa destinar\u00e1 R$ 50 milh\u00f5es de seu Fundo Socioambiental anualmente para apoio a projetos de preserva\u00e7\u00e3o de florestas e parques em todos os biomas brasileiros\u201d, informou, em nota, o banco, referindo-se ao programa Caixa Refloresta, que pretende plantar 10 milh\u00f5es de \u00e1rvores em cinco anos.<\/p>\n\n\n\n<p>Edi\u00e7\u00e3o: Val\u00e9ria Aguiar<\/p>\n","protected":false},"excerpt":{"rendered":"<p>Expectativa \u00e9 doar 160 toneladas de mantimentos em 2021 Por Pedro Peduzzi &#8211; Rep\u00f3rter da<\/p>\n","protected":false},"author":2,"featured_media":13469,"comment_status":"open","ping_status":"open","sticky":false,"template":"","format":"standard","meta":{"footnotes":""},"categories":[17],"tags":[],"class_list":["post-13468","post","type-post","status-publish","format-standard","has-post-thumbnail","hentry","category-outras-noticias"],"_links":{"self":[{"href":"https:\/\/tvc16.com\/portal\/wp-json\/wp\/v2\/posts\/13468","targetHints":{"allow":["GET"]}}],"collection":[{"href":"https:\/\/tvc16.com\/portal\/wp-json\/wp\/v2\/posts"}],"about":[{"href":"https:\/\/tvc16.com\/portal\/wp-json\/wp\/v2\/types\/post"}],"author":[{"embeddable":true,"href":"https:\/\/tvc16.com\/portal\/wp-json\/wp\/v2\/users\/2"}],"replies":[{"embeddable":true,"href":"https:\/\/tvc16.com\/portal\/wp-json\/wp\/v2\/comments?post=13468"}],"version-history":[{"count":1,"href":"https:\/\/tvc16.com\/portal\/wp-json\/wp\/v2\/posts\/13468\/revisions"}],"predecessor-version":[{"id":13470,"href":"https:\/\/tvc16.com\/portal\/wp-json\/wp\/v2\/posts\/13468\/revisions\/13470"}],"wp:featuredmedia":[{"embeddable":true,"href":"https:\/\/tvc16.com\/portal\/wp-json\/wp\/v2\/media\/13469"}],"wp:attachment":[{"href":"https:\/\/tvc16.com\/portal\/wp-json\/wp\/v2\/media?parent=13468"}],"wp:term":[{"taxonomy":"category","embeddable":true,"href":"https:\/\/tvc16.com\/portal\/wp-json\/wp\/v2\/categories?post=13468"},{"taxonomy":"post_tag","embeddable":true,"href":"https:\/\/tvc16.com\/portal\/wp-json\/wp\/v2\/tags?post=13468"}],"curies":[{"name":"wp","href":"https:\/\/api.w.org\/{rel}","templated":true}]}}