{"id":13471,"date":"2021-04-26T11:45:23","date_gmt":"2021-04-26T14:45:23","guid":{"rendered":"https:\/\/tvc16.com\/portal\/?p=13471"},"modified":"2021-04-26T11:45:25","modified_gmt":"2021-04-26T14:45:25","slug":"fnde-prorroga-prazo-para-renovacao-de-contratos-do-fies","status":"publish","type":"post","link":"https:\/\/tvc16.com\/portal\/2021\/04\/26\/fnde-prorroga-prazo-para-renovacao-de-contratos-do-fies\/","title":{"rendered":"FNDE prorroga prazo para renova\u00e7\u00e3o de contratos do Fies"},"content":{"rendered":"\n<h3 class=\"wp-block-heading\">Portaria foi publicada\u00a0hoje\u00a0no Di\u00e1rio Oficial da Uni\u00e3o<\/h3>\n\n\n\n<h4 class=\"wp-block-heading\">Por Alex Rodrigues &#8211; Rep\u00f3rter da Ag\u00eancia Brasil &#8211; Bras\u00edlia<\/h4>\n\n\n\n<p>O Fundo Nacional de Desenvolvimento da Educa\u00e7\u00e3o (FNDE) prorrogou at\u00e9 o pr\u00f3ximo&nbsp;30 de junho&nbsp;o prazo para renova\u00e7\u00e3o semestral dos contratos assinados com o Fundo de Financiamento Estudantil (Fies).<img decoding=\"async\" src=\"https:\/\/agenciabrasil.ebc.com.br\/ebc.png?id=1407776&amp;o=node\"><img decoding=\"async\" src=\"https:\/\/agenciabrasil.ebc.com.br\/ebc.gif?id=1407776&amp;o=node\"><\/p>\n\n\n\n<p>A prorroga\u00e7\u00e3o do prazo de aditamento consta da<a href=\"https:\/\/www.in.gov.br\/en\/web\/dou\/-\/portaria-n-191-de-23-de-abril-de-2021-315769242\" target=\"_blank\" rel=\"noreferrer noopener\">&nbsp;Portaria n\u00ba 191<\/a>, publicada&nbsp;hoje&nbsp;(26)&nbsp;no Di\u00e1rio Oficial da Uni\u00e3o. A medida vale para contratos simplificados e n\u00e3o simplificados.<\/p>\n\n\n\n<p>Assinada por Marcelo Lopes da Ponte, presidente da autarquia respons\u00e1vel pela execu\u00e7\u00e3o de pol\u00edticas educacionais do Minist\u00e9rio da Educa\u00e7\u00e3o (MEC), a portaria tamb\u00e9m estabelece a prorroga\u00e7\u00e3o, para&nbsp;30 de junho,&nbsp;do prazo para os estudantes interessados pedirem transfer\u00eancia de curso ou de institui\u00e7\u00e3o de ensino, com dilata\u00e7\u00e3o do prazo de utiliza\u00e7\u00e3o do financiamento estudantil referente ao primeiro semestre do ano.<\/p>\n\n\n\n<p>Edi\u00e7\u00e3o: Maria Claudia<\/p>\n","protected":false},"excerpt":{"rendered":"<p>Portaria foi publicada\u00a0hoje\u00a0no Di\u00e1rio Oficial da Uni\u00e3o Por Alex Rodrigues &#8211; Rep\u00f3rter da Ag\u00eancia Brasil<\/p>\n","protected":false},"author":2,"featured_media":13472,"comment_status":"open","ping_status":"open","sticky":false,"template":"","format":"standard","meta":{"footnotes":""},"categories":[17],"tags":[],"class_list":["post-13471","post","type-post","status-publish","format-standard","has-post-thumbnail","hentry","category-outras-noticias"],"_links":{"self":[{"href":"https:\/\/tvc16.com\/portal\/wp-json\/wp\/v2\/posts\/13471","targetHints":{"allow":["GET"]}}],"collection":[{"href":"https:\/\/tvc16.com\/portal\/wp-json\/wp\/v2\/posts"}],"about":[{"href":"https:\/\/tvc16.com\/portal\/wp-json\/wp\/v2\/types\/post"}],"author":[{"embeddable":true,"href":"https:\/\/tvc16.com\/portal\/wp-json\/wp\/v2\/users\/2"}],"replies":[{"embeddable":true,"href":"https:\/\/tvc16.com\/portal\/wp-json\/wp\/v2\/comments?post=13471"}],"version-history":[{"count":1,"href":"https:\/\/tvc16.com\/portal\/wp-json\/wp\/v2\/posts\/13471\/revisions"}],"predecessor-version":[{"id":13473,"href":"https:\/\/tvc16.com\/portal\/wp-json\/wp\/v2\/posts\/13471\/revisions\/13473"}],"wp:featuredmedia":[{"embeddable":true,"href":"https:\/\/tvc16.com\/portal\/wp-json\/wp\/v2\/media\/13472"}],"wp:attachment":[{"href":"https:\/\/tvc16.com\/portal\/wp-json\/wp\/v2\/media?parent=13471"}],"wp:term":[{"taxonomy":"category","embeddable":true,"href":"https:\/\/tvc16.com\/portal\/wp-json\/wp\/v2\/categories?post=13471"},{"taxonomy":"post_tag","embeddable":true,"href":"https:\/\/tvc16.com\/portal\/wp-json\/wp\/v2\/tags?post=13471"}],"curies":[{"name":"wp","href":"https:\/\/api.w.org\/{rel}","templated":true}]}}