{"id":13477,"date":"2021-04-26T11:46:59","date_gmt":"2021-04-26T14:46:59","guid":{"rendered":"https:\/\/tvc16.com\/portal\/?p=13477"},"modified":"2021-04-26T11:47:01","modified_gmt":"2021-04-26T14:47:01","slug":"lewandowski-nega-prazo-maior-para-anvisa-decidir-sobre-sputnik-v","status":"publish","type":"post","link":"https:\/\/tvc16.com\/portal\/2021\/04\/26\/lewandowski-nega-prazo-maior-para-anvisa-decidir-sobre-sputnik-v\/","title":{"rendered":"Lewandowski nega prazo maior para Anvisa decidir sobre Sputnik V"},"content":{"rendered":"\n<h3 class=\"wp-block-heading\">Ministro mant\u00e9m prazo de 30 dias para an\u00e1lise de pedido de importa\u00e7\u00e3o<\/h3>\n\n\n\n<h4 class=\"wp-block-heading\">Por Felipe Pontes &#8211; Rep\u00f3rter da Ag\u00eancia Brasil &#8211; Bras\u00edlia<\/h4>\n\n\n\n<p>O ministro Ricardo Lewandowski, do Supremo Tribunal Federal (STF), negou hoje (26) um pedido da Ag\u00eancia Nacional de Vigil\u00e2ncia Sanit\u00e1ria (Anvisa) para suspender o prazo de an\u00e1lise sobre pedidos de importa\u00e7\u00e3o da vacina Sputnik V, desenvolvida na R\u00fassia contra a covid-19.<img decoding=\"async\" src=\"https:\/\/agenciabrasil.ebc.com.br\/ebc.png?id=1407779&amp;o=node\"><img decoding=\"async\" src=\"https:\/\/agenciabrasil.ebc.com.br\/ebc.gif?id=1407779&amp;o=node\"><\/p>\n\n\n\n<p>Em 13 de abril,&nbsp;<a href=\"https:\/\/agenciabrasil.ebc.com.br\/justica\/noticia\/2021-04\/anvisa-tem-30-dias-para-decidir-sobre-importacao-de-sputnik-v\" target=\"_blank\" rel=\"noreferrer noopener\">Lewandowski&nbsp;<\/a>determinou que a Anvisa analisasse em 30 dias um pedido do Maranh\u00e3o para importar a vacina, que j\u00e1 \u00e9 utilizada em pa\u00edses como a Argentina, mas cujo uso, emergencial ou definitivo, ainda n\u00e3o foi autorizado pela ag\u00eancia no Brasil. Ele tamb\u00e9m proferiu ordens similares relativas aos estados do Piau\u00ed, Amap\u00e1 e Cear\u00e1. Em todos os casos, os prazos se encerram nesta semana.&nbsp;<\/p>\n\n\n\n<p>Diante do prazo determinado pelo ministro, a&nbsp;<a href=\"https:\/\/agenciabrasil.ebc.com.br\/saude\/noticia\/2021-04\/anvisa-avalia-pedidos-de-importacao-da-vacina-sputnik-v\" target=\"_blank\" rel=\"noreferrer noopener\">Anvisa&nbsp;<\/a>marcou uma reuni\u00e3o extraordin\u00e1ria de sua diretoria para esta segunda-feira (26), \u00e0s 18h, quando deve avaliar os pedidos de autoriza\u00e7\u00e3o excepcional de importa\u00e7\u00e3o e distribui\u00e7\u00e3o (AET) da Sputnik V feito pelos estados.<\/p>\n\n\n\n<p>Em paralelo, contudo, a Anvisa havia peticionado a Lewandowski, na semana passada, que suspendesse o prazo de 30 dias para a an\u00e1lise dos pedidos de importa\u00e7\u00e3o. Tal prazo est\u00e1 previsto na Lei 14.124\/2021, que trata de medidas excepcionais para aquisi\u00e7\u00e3o de vacinas e insumos para o combate \u00e0 pandemia de covid-19.<\/p>\n\n\n\n<p>A ag\u00eancia argumentou, entre outros pontos, que \u201co relat\u00f3rio da autoridade russa para concess\u00e3o do registro da Sputnik V n\u00e3o \u00e9 p\u00fablico e n\u00e3o h\u00e1 dados em outras fontes capazes de trazer as informa\u00e7\u00f5es sobre qualidade, efic\u00e1cia e seguran\u00e7a para o processo de importa\u00e7\u00e3o em quest\u00e3o\u201d.<\/p>\n\n\n\n<p>Ao negar o pedido, nesta segunda (26), Lewandowski afirmou que n\u00e3o h\u00e1 brecha na legisla\u00e7\u00e3o que permita a suspens\u00e3o do prazo de 30 dias. \u201cO elastecimento do prazo pretendido pela Anvisa n\u00e3o s\u00f3 contraria a letra da Lei n\u00ba 14.124\/2021, como tamb\u00e9m o seu esp\u00edrito, eis que sua edi\u00e7\u00e3o foi motivada pela exig\u00eancia de dar-se uma resposta c\u00e9lere aos pedidos de aprova\u00e7\u00e3o das vacinas j\u00e1 liberadas por ag\u00eancias sanit\u00e1rias estrangeiras e em pleno uso em outros pa\u00edses\u201d, escreveu o ministro.<\/p>\n\n\n\n<p>Lewandowski afirmou que cabe \u00e0 Anvisa n\u00e3o autorizar o pedido de importa\u00e7\u00e3o ou uso emergencial da vacina, mas que tal decis\u00e3o deve estar embasada tecnicamente, \u201cn\u00e3o se admitindo a mera alega\u00e7\u00e3o de insufici\u00eancia da documenta\u00e7\u00e3o ou a simples alus\u00e3o a potenciais riscos\u201d, escreveu o ministro.<\/p>\n\n\n\n<p>Ele reafirmou que, caso a Anvisa n\u00e3o decida sobre os pedidos de autoriza\u00e7\u00e3o de importa\u00e7\u00e3o e distribui\u00e7\u00e3o no prazo de 30 dias, os estados ficam automaticamente autorizados a importar e distribuir a Sputnik V.&nbsp;&nbsp;<\/p>\n\n\n\n<p>Edi\u00e7\u00e3o: Val\u00e9ria Aguiar<\/p>\n","protected":false},"excerpt":{"rendered":"<p>Ministro mant\u00e9m prazo de 30 dias para an\u00e1lise de pedido de importa\u00e7\u00e3o Por Felipe Pontes<\/p>\n","protected":false},"author":2,"featured_media":13478,"comment_status":"open","ping_status":"open","sticky":false,"template":"","format":"standard","meta":{"footnotes":""},"categories":[17],"tags":[],"class_list":["post-13477","post","type-post","status-publish","format-standard","has-post-thumbnail","hentry","category-outras-noticias"],"_links":{"self":[{"href":"https:\/\/tvc16.com\/portal\/wp-json\/wp\/v2\/posts\/13477","targetHints":{"allow":["GET"]}}],"collection":[{"href":"https:\/\/tvc16.com\/portal\/wp-json\/wp\/v2\/posts"}],"about":[{"href":"https:\/\/tvc16.com\/portal\/wp-json\/wp\/v2\/types\/post"}],"author":[{"embeddable":true,"href":"https:\/\/tvc16.com\/portal\/wp-json\/wp\/v2\/users\/2"}],"replies":[{"embeddable":true,"href":"https:\/\/tvc16.com\/portal\/wp-json\/wp\/v2\/comments?post=13477"}],"version-history":[{"count":1,"href":"https:\/\/tvc16.com\/portal\/wp-json\/wp\/v2\/posts\/13477\/revisions"}],"predecessor-version":[{"id":13479,"href":"https:\/\/tvc16.com\/portal\/wp-json\/wp\/v2\/posts\/13477\/revisions\/13479"}],"wp:featuredmedia":[{"embeddable":true,"href":"https:\/\/tvc16.com\/portal\/wp-json\/wp\/v2\/media\/13478"}],"wp:attachment":[{"href":"https:\/\/tvc16.com\/portal\/wp-json\/wp\/v2\/media?parent=13477"}],"wp:term":[{"taxonomy":"category","embeddable":true,"href":"https:\/\/tvc16.com\/portal\/wp-json\/wp\/v2\/categories?post=13477"},{"taxonomy":"post_tag","embeddable":true,"href":"https:\/\/tvc16.com\/portal\/wp-json\/wp\/v2\/tags?post=13477"}],"curies":[{"name":"wp","href":"https:\/\/api.w.org\/{rel}","templated":true}]}}