{"id":13480,"date":"2021-04-26T11:47:47","date_gmt":"2021-04-26T14:47:47","guid":{"rendered":"https:\/\/tvc16.com\/portal\/?p=13480"},"modified":"2021-04-26T11:47:49","modified_gmt":"2021-04-26T14:47:49","slug":"sao-paulo-autoriza-uso-de-estacionamentos-por-bares-e-restaurantes","status":"publish","type":"post","link":"https:\/\/tvc16.com\/portal\/2021\/04\/26\/sao-paulo-autoriza-uso-de-estacionamentos-por-bares-e-restaurantes\/","title":{"rendered":"S\u00e3o Paulo autoriza uso de estacionamentos por bares e restaurantes"},"content":{"rendered":"\n<h3 class=\"wp-block-heading\">Estabelecimentos n\u00e3o s\u00e3o obrigados a aderir<\/h3>\n\n\n\n<h4 class=\"wp-block-heading\">Por Daniel Mello &#8211; Rep\u00f3rter da Ag\u00eancia Brasil &#8211; S\u00e3o Paulo<\/h4>\n\n\n\n<p>A prefeitura de S\u00e3o Paulo autorizou os bares e restaurantes a instalarem mesas e cadeiras nas \u00e1reas de estacionamento das ruas da cidade. Um decreto publicado no \u00faltimo s\u00e1bado (24) estabelece as regras para a utiliza\u00e7\u00e3o desse espa\u00e7o p\u00fablico. Essa possibilidade, antes prevista para um conjunto limitado de ruas e avenidas, foi expandida para toda a cidade.<img decoding=\"async\" src=\"https:\/\/agenciabrasil.ebc.com.br\/ebc.png?id=1407781&amp;o=node\"><img decoding=\"async\" src=\"https:\/\/agenciabrasil.ebc.com.br\/ebc.gif?id=1407781&amp;o=node\"><\/p>\n\n\n\n<p>Segundo a prefeitura, a decis\u00e3o se baseia em pesquisas que indicam que a transmiss\u00e3o do coronav\u00edrus \u00e9 menor em ambientes ao ar livre. Assim, os estabelecimentos podem funcionar com mais seguran\u00e7a, dentro das fases de flexibiliza\u00e7\u00e3o da quarentena do plano do governo estadual para enfrentar a pandemia do novo coronav\u00edrus.<\/p>\n\n\n\n<p>As regras determinam que as mesas devem ser instaladas a dois metros de dist\u00e2ncia uma das outras. A \u00e1rea onde os clientes ser\u00e3o atendidos deve ser cercada de modo a s\u00f3 ser acess\u00edvel a partir da cal\u00e7ada. Fica mantida a proibi\u00e7\u00e3o do atendimento a clientes em p\u00e9.<\/p>\n\n\n\n<h2 class=\"wp-block-heading\">Higieniza\u00e7\u00e3o ser\u00e1 di\u00e1ria<\/h2>\n\n\n\n<p>Os estabelecimentos n\u00e3o s\u00e3o obrigados a aderir. Mas os que fizerem a instala\u00e7\u00e3o ser\u00e3o obrigados a garantir a higieniza\u00e7\u00e3o di\u00e1ria do espa\u00e7o e, em caso de desist\u00eancia, fazer a desmontagem das estruturas. O uso de m\u00e1scaras de prote\u00e7\u00e3o tamb\u00e9m \u00e9 obrigat\u00f3rio.<\/p>\n\n\n\n<p>Os espa\u00e7os tamb\u00e9m n\u00e3o podem se sobrepor a pontos de \u00f4nibus ou ciclovias. A Comiss\u00e3o de Prote\u00e7\u00e3o \u00e0 Paisagem Urbana vai apresentar regras para a possibilidade de que os projetos tenham marcas e logotipos de patrocinadores, respeitando a Lei Cidade Limpa, que limita esse tipo de inser\u00e7\u00e3o. A fiscaliza\u00e7\u00e3o do cumprimento de todas as normas ficar\u00e1 a cargo das subprefeituras.<\/p>\n\n\n\n<p>Atualmente, a capital paulista est\u00e1 enquadrada na chamada fase de transi\u00e7\u00e3o do plano de quarentena do governo estadual. Nessa etapa, bares, restaurantes e lanchonetes podem abrir das 11h \u00e0s 19h com no m\u00e1ximo 25% da capacidade de ocupa\u00e7\u00e3o.<\/p>\n\n\n\n<p>Edi\u00e7\u00e3o: Kleber Sampaio<\/p>\n","protected":false},"excerpt":{"rendered":"<p>Estabelecimentos n\u00e3o s\u00e3o obrigados a aderir Por Daniel Mello &#8211; Rep\u00f3rter da Ag\u00eancia Brasil &#8211;<\/p>\n","protected":false},"author":2,"featured_media":13481,"comment_status":"open","ping_status":"open","sticky":false,"template":"","format":"standard","meta":{"footnotes":""},"categories":[17],"tags":[],"class_list":["post-13480","post","type-post","status-publish","format-standard","has-post-thumbnail","hentry","category-outras-noticias"],"_links":{"self":[{"href":"https:\/\/tvc16.com\/portal\/wp-json\/wp\/v2\/posts\/13480","targetHints":{"allow":["GET"]}}],"collection":[{"href":"https:\/\/tvc16.com\/portal\/wp-json\/wp\/v2\/posts"}],"about":[{"href":"https:\/\/tvc16.com\/portal\/wp-json\/wp\/v2\/types\/post"}],"author":[{"embeddable":true,"href":"https:\/\/tvc16.com\/portal\/wp-json\/wp\/v2\/users\/2"}],"replies":[{"embeddable":true,"href":"https:\/\/tvc16.com\/portal\/wp-json\/wp\/v2\/comments?post=13480"}],"version-history":[{"count":1,"href":"https:\/\/tvc16.com\/portal\/wp-json\/wp\/v2\/posts\/13480\/revisions"}],"predecessor-version":[{"id":13482,"href":"https:\/\/tvc16.com\/portal\/wp-json\/wp\/v2\/posts\/13480\/revisions\/13482"}],"wp:featuredmedia":[{"embeddable":true,"href":"https:\/\/tvc16.com\/portal\/wp-json\/wp\/v2\/media\/13481"}],"wp:attachment":[{"href":"https:\/\/tvc16.com\/portal\/wp-json\/wp\/v2\/media?parent=13480"}],"wp:term":[{"taxonomy":"category","embeddable":true,"href":"https:\/\/tvc16.com\/portal\/wp-json\/wp\/v2\/categories?post=13480"},{"taxonomy":"post_tag","embeddable":true,"href":"https:\/\/tvc16.com\/portal\/wp-json\/wp\/v2\/tags?post=13480"}],"curies":[{"name":"wp","href":"https:\/\/api.w.org\/{rel}","templated":true}]}}