{"id":1349,"date":"2020-09-26T17:31:51","date_gmt":"2020-09-26T17:31:51","guid":{"rendered":"https:\/\/tvc16.com\/portal\/?p=1349"},"modified":"2020-09-27T20:26:25","modified_gmt":"2020-09-27T20:26:25","slug":"pcvb-se-une-a-outras-entidades-ligadas-ao-turismo-para-ouvir-de-candidatos-a-prefeito-suas-principais-propostas-para-o-setor","status":"publish","type":"post","link":"https:\/\/tvc16.com\/portal\/2020\/09\/26\/pcvb-se-une-a-outras-entidades-ligadas-ao-turismo-para-ouvir-de-candidatos-a-prefeito-suas-principais-propostas-para-o-setor\/","title":{"rendered":"PC&#038;VB se une a outras entidades ligadas ao turismo para ouvir candidatos"},"content":{"rendered":"\n<p>O Petr\u00f3polis Convention &amp; Visitors Bureau, em parceria com outras 11 entidades ligadas ao Turismo em Petr\u00f3polis, vai reunir na pr\u00f3xima semana, nos dias 29 e 30, todos os 13 candidatos a prefeito da cidade para uma apresenta\u00e7\u00e3o sobre propostas para o setor. O encontro \u00e9 realizado de quatro em quatro anos, sempre ap\u00f3s a confirma\u00e7\u00e3o dos nomes que disputar\u00e3o a Prefeitura nas elei\u00e7\u00f5es municipais. O objetivo \u00e9 dar a representantes do setor a chance de ouvir os candidatos sobre demandas espec\u00edficas do segmento, que \u00e9 respons\u00e1vel por 6% do PIB municipal, movimentando mais de 700 milh\u00f5es por ano.<\/p>\n\n\n\n<p>Todo a apresenta\u00e7\u00e3o ser\u00e1 transmitida ao vivo pelo facebook do PC&amp;VB (\/petropolis.convention) e tamb\u00e9m pelo instagram (@visitepetropolis), a partir das 18h. Presidente do Petr\u00f3polis Convention, o empres\u00e1rio Samir El Ghaoui explica que a transmiss\u00e3o ao vivo garantir\u00e1 o acesso do p\u00fablico a todo o encontro. \u201cEm fun\u00e7\u00e3o da pandemia do coronav\u00edrus, n\u00e3o permitiremos o acesso do p\u00fablico ao local do evento. O sal\u00e3o ser\u00e1 fechado e ter\u00e1 apenas dois representantes de cada entidade participante, al\u00e9m do candidato. \u00c9 uma medida de seguran\u00e7a, para cumprimento dos protocolos definidos pelas autoridades de Sa\u00fade\u201d, explica.<\/p>\n\n\n\n<p>A din\u00e2mica do evento ser\u00e1 semelhante adotada em anos anteriores. Cada entidade convidada formulou duas perguntas, que foram enviadas previamente aos candidatos. Na hora da apresenta\u00e7\u00e3o ser\u00e3o sorteadas tr\u00eas das 22 perguntas enviadas, para que o candidato responda ao vivo. Cada um ter\u00e1, ao todo, 20 minutos para falar, sendo cinco para fazer sua apresenta\u00e7\u00e3o e mais 15 para responder as tr\u00eas perguntas e fazer suas considera\u00e7\u00f5es finais.<\/p>\n\n\n\n<p>Para definir a ordem de apresenta\u00e7\u00e3o dos candidatos, o PC&amp;VB pediu apoio da OAB Petr\u00f3polis para a realiza\u00e7\u00e3o de um sorteio. A entidade acompanhou e validou o sorteio, seguindo os crit\u00e9rios previstos na legisla\u00e7\u00e3o eleitoral. A entidade tamb\u00e9m informou sobre a realiza\u00e7\u00e3o ao Tribunal Regional Eleitoral (TRE). Ser\u00e3o dois dias de apresenta\u00e7\u00f5es, com a seguinte ordem:<\/p>\n\n\n\n<p>29 de setembro (ter\u00e7a-feira)<br>18h &#8211; Leandro Azevedo &#8211; PSD<br>18h30 &#8211; L\u00edvia Miranda &#8211; PCdoB<br>19h &#8211; Coronel Arnaldo Vieira Neto &#8211; PRTB<br>19h30 &#8211; Eduardo Silv\u00e9rio &#8211; Podemos<br>20h &#8211; Rubens Bomtempo &#8211; PSB<br>20h30 &#8211; Elias Montes &#8211; PSL<br>21h &#8211; Alexandre Gurgel &#8211; Cidadania<\/p>\n\n\n\n<p>30 de setembro (quarta-feira)<br>18h &#8211; Jamil Sabr\u00e1 &#8211; PSC<br>18h30 &#8211; Ramon Mello &#8211; Avante<br>19h30 &#8211; Marcos Novaes &#8211; PDT<br>20h &#8211; Matheus Quintal &#8211; Republicanos<br>20h30 &#8211; Bernardo Rossi &#8211; PL<br>21h &#8211; Jos\u00e9 Luis &#8211; PSOL<\/p>\n\n\n\n<p>As entidades que formularam as perguntas foram: Associa\u00e7\u00e3o de Guias de Turismo de Petr\u00f3polis (AGP); \uf0b7 Comiss\u00e3o do Turismo da OAB de Petr\u00f3polis; NovAmosanta &#8211; Distritos de Petr\u00f3polis; Conselho Consultivo da APA-Petr\u00f3polis; Mercoserra \u2013 Rede de Neg\u00f3cios da Serra Verde Imperial; Associa\u00e7\u00e3o das Microcervejarias de Petr\u00f3polis (AMP); Sindicato do Com\u00e9rcio Varejista de Petr\u00f3polis (Sicom\u00e9rcio); Sindicato de Hospedagem e Alimenta\u00e7\u00e3o de Petr\u00f3polis (SindPetr\u00f3polis); Associa\u00e7\u00e3o dos Empres\u00e1rios e Amigos da Rua Teresa (Arte); C\u00e2mara Setorial da Rua 16 de Mar\u00e7o e Adjac\u00eancias; e Polo de Modas Bingen.<\/p>\n","protected":false},"excerpt":{"rendered":"<p>O Petr\u00f3polis Convention &amp; Visitors Bureau, em parceria com outras 11 entidades ligadas ao Turismo<\/p>\n","protected":false},"author":2,"featured_media":1350,"comment_status":"open","ping_status":"open","sticky":false,"template":"","format":"standard","meta":{"footnotes":""},"categories":[15],"tags":[],"class_list":["post-1349","post","type-post","status-publish","format-standard","has-post-thumbnail","hentry","category-politica"],"_links":{"self":[{"href":"https:\/\/tvc16.com\/portal\/wp-json\/wp\/v2\/posts\/1349","targetHints":{"allow":["GET"]}}],"collection":[{"href":"https:\/\/tvc16.com\/portal\/wp-json\/wp\/v2\/posts"}],"about":[{"href":"https:\/\/tvc16.com\/portal\/wp-json\/wp\/v2\/types\/post"}],"author":[{"embeddable":true,"href":"https:\/\/tvc16.com\/portal\/wp-json\/wp\/v2\/users\/2"}],"replies":[{"embeddable":true,"href":"https:\/\/tvc16.com\/portal\/wp-json\/wp\/v2\/comments?post=1349"}],"version-history":[{"count":3,"href":"https:\/\/tvc16.com\/portal\/wp-json\/wp\/v2\/posts\/1349\/revisions"}],"predecessor-version":[{"id":1391,"href":"https:\/\/tvc16.com\/portal\/wp-json\/wp\/v2\/posts\/1349\/revisions\/1391"}],"wp:featuredmedia":[{"embeddable":true,"href":"https:\/\/tvc16.com\/portal\/wp-json\/wp\/v2\/media\/1350"}],"wp:attachment":[{"href":"https:\/\/tvc16.com\/portal\/wp-json\/wp\/v2\/media?parent=1349"}],"wp:term":[{"taxonomy":"category","embeddable":true,"href":"https:\/\/tvc16.com\/portal\/wp-json\/wp\/v2\/categories?post=1349"},{"taxonomy":"post_tag","embeddable":true,"href":"https:\/\/tvc16.com\/portal\/wp-json\/wp\/v2\/tags?post=1349"}],"curies":[{"name":"wp","href":"https:\/\/api.w.org\/{rel}","templated":true}]}}