{"id":13511,"date":"2021-04-26T18:57:22","date_gmt":"2021-04-26T21:57:22","guid":{"rendered":"https:\/\/tvc16.com\/portal\/?p=13511"},"modified":"2021-04-26T18:57:25","modified_gmt":"2021-04-26T21:57:25","slug":"equipe-do-governo-trata-de-questoes-do-simase","status":"publish","type":"post","link":"https:\/\/tvc16.com\/portal\/2021\/04\/26\/equipe-do-governo-trata-de-questoes-do-simase\/","title":{"rendered":"Equipe do governo trata de quest\u00f5es do SIMASE"},"content":{"rendered":"\n<p>\u201cVamos priorizar a elabora\u00e7\u00e3o do Sistema Municipal Socioeducativo (SIMASE). Esse trabalho ser\u00e1 voltado para inclus\u00e3o dos jovens no mercado de trabalho e em projetos esportivos e culturais reunindo os mais diversos setores da prefeitura\u201d, garantiu o prefeito interino Hingo Hammes, em uma reuni\u00e3o on-line com a equipe de governo e os promotores Vicente Mauro (1\u00aa promotoria de Inf\u00e2ncia e Juventude) e Odilon Medeiros (2\u00aa promotoria de Inf\u00e2ncia e Juventude) nesta segunda-feira (26\/04). Hammes anunciou ainda que o munic\u00edpio vai encaminhar para \u00e0 C\u00e2mara Municipal um projeto de lei criando o SIMASE.<\/p>\n\n\n\n<p>&#8220;Esse projeto de lei foi criado em parceria com o Minist\u00e9rio P\u00fablico e com os promotores. \u00c9 um trabalho feito por muitas m\u00e3os. A nossa ideia \u00e9 envolver diversos setores do governo, como o esporte, a cultura, o desenvolvimento econ\u00f4mico, entre outros, funcionando como uma rede de apoio para que o jovem seja acolhido e possa ganhar novas oportunidades&#8221;, explicou Hingo Hammes.<\/p>\n\n\n\n<p>O SIMASE vai funcionar como uma rede de suporte aos jovens que cumprem medidas socioeducativas em meio aberto. Hoje, por exemplo, o Centro de Refer\u00eancia Especializado em Assist\u00eancia Social (Creas) acompanha cerca de 80 adolescentes que respondem por atos infracionais. Segundo a secret\u00e1ria de Assist\u00eancia Social, Rosane Borsato, a formula\u00e7\u00e3o desse plano vem para corrigir a dificuldade que existe em recuperar os jovens que cometem atos infracionais.<\/p>\n\n\n\n<p>&#8220;A cria\u00e7\u00e3o da lei municipal representa um grande avan\u00e7o no trabalho com esses adolescentes. J\u00e1 existe uma lei federal, mas a realidade municipal precisa ser levada em conta. Al\u00e9m disso, a intersetorialidade far\u00e1 a medida socioeducativa ter efic\u00e1cia, com diversos setores trabalhando em conjunto&#8221;, garantiu Rosane.<\/p>\n\n\n\n<p>O promotor Vicente Mauro destacou o interesse do governo em organizar uma rede de atendimento aos jovens que cumprem medidas socioeducativas em meio aberto. &#8220;N\u00f3s precisamos de uma integra\u00e7\u00e3o efetiva, com a Secretaria de Educa\u00e7\u00e3o, de Sa\u00fade, de Desenvolvimento Econ\u00f4mico, Esporte e Lazer e Cultura. N\u00e3o \u00e9 uma a\u00e7\u00e3o isolada da Assist\u00eancia Social. A cria\u00e7\u00e3o dessa rede efetiva de atendimento \u00e9 fundamental para atender esse jovem\u201d, disse.<\/p>\n\n\n\n<p>Participaram do encontro o diretor-presidente do Instituto Municipal de Cultura, Leandro Kronemberger (que tamb\u00e9m \u00e9 secret\u00e1rio interino de Esporte, Promo\u00e7\u00e3o da Sa\u00fade, Juventude, Idoso e Lazer); o secret\u00e1rio de Desenvolvimento Econ\u00f4mico, Marcelo Soares; a secret\u00e1ria de Educa\u00e7\u00e3o, Marcia Palma; a coordenadora Especial de Rela\u00e7\u00f5es Institucionais, Fernanda Ferreira; a coordenadora do projeto Petr\u00f3polis da Paz, Elsie Elen Loureiro de Carvalho.<\/p>\n","protected":false},"excerpt":{"rendered":"<p>\u201cVamos priorizar a elabora\u00e7\u00e3o do Sistema Municipal Socioeducativo (SIMASE). Esse trabalho ser\u00e1 voltado para inclus\u00e3o<\/p>\n","protected":false},"author":2,"featured_media":13512,"comment_status":"open","ping_status":"open","sticky":false,"template":"","format":"standard","meta":{"footnotes":""},"categories":[12],"tags":[],"class_list":["post-13511","post","type-post","status-publish","format-standard","has-post-thumbnail","hentry","category-cidade"],"_links":{"self":[{"href":"https:\/\/tvc16.com\/portal\/wp-json\/wp\/v2\/posts\/13511","targetHints":{"allow":["GET"]}}],"collection":[{"href":"https:\/\/tvc16.com\/portal\/wp-json\/wp\/v2\/posts"}],"about":[{"href":"https:\/\/tvc16.com\/portal\/wp-json\/wp\/v2\/types\/post"}],"author":[{"embeddable":true,"href":"https:\/\/tvc16.com\/portal\/wp-json\/wp\/v2\/users\/2"}],"replies":[{"embeddable":true,"href":"https:\/\/tvc16.com\/portal\/wp-json\/wp\/v2\/comments?post=13511"}],"version-history":[{"count":1,"href":"https:\/\/tvc16.com\/portal\/wp-json\/wp\/v2\/posts\/13511\/revisions"}],"predecessor-version":[{"id":13513,"href":"https:\/\/tvc16.com\/portal\/wp-json\/wp\/v2\/posts\/13511\/revisions\/13513"}],"wp:featuredmedia":[{"embeddable":true,"href":"https:\/\/tvc16.com\/portal\/wp-json\/wp\/v2\/media\/13512"}],"wp:attachment":[{"href":"https:\/\/tvc16.com\/portal\/wp-json\/wp\/v2\/media?parent=13511"}],"wp:term":[{"taxonomy":"category","embeddable":true,"href":"https:\/\/tvc16.com\/portal\/wp-json\/wp\/v2\/categories?post=13511"},{"taxonomy":"post_tag","embeddable":true,"href":"https:\/\/tvc16.com\/portal\/wp-json\/wp\/v2\/tags?post=13511"}],"curies":[{"name":"wp","href":"https:\/\/api.w.org\/{rel}","templated":true}]}}