{"id":13514,"date":"2021-04-26T18:58:46","date_gmt":"2021-04-26T21:58:46","guid":{"rendered":"https:\/\/tvc16.com\/portal\/?p=13514"},"modified":"2021-04-26T18:58:48","modified_gmt":"2021-04-26T21:58:48","slug":"prefeitura-apresenta-propostas-para-execucao-de-convenio-com-departamento-de-estradas-de-rodagem","status":"publish","type":"post","link":"https:\/\/tvc16.com\/portal\/2021\/04\/26\/prefeitura-apresenta-propostas-para-execucao-de-convenio-com-departamento-de-estradas-de-rodagem\/","title":{"rendered":"Prefeitura apresenta propostas para execu\u00e7\u00e3o de conv\u00eanio com Departamento de Estradas de Rodagem"},"content":{"rendered":"\n<p>O prefeito interino Hingo Hammes se reuniu na manh\u00e3 desta segunda-feira (26), com o presidente do Departamento de Estradas de Rodagens (DER-RJ), Luiz Roberto Pereira de Souza, para apresentar o plano de trabalho relacionado ao conv\u00eanio para realiza\u00e7\u00e3o de obras e a\u00e7\u00f5es de melhorias na malha vi\u00e1ria de Petr\u00f3polis. O documento, que prev\u00ea a pavimenta\u00e7\u00e3o asf\u00e1ltica de ruas da cidade, j\u00e1 foi aprovado pelo departamento. O encontro desta segunda-feira aconteceu na sede do \u00f3rg\u00e3o estadual, no Rio de Janeiro.<\/p>\n\n\n\n<p>O conv\u00eanio prev\u00ea o fornecimento de todos os insumos para fabrica\u00e7\u00e3o de asfalto, incluindo a emuls\u00e3o, p\u00f3 de pedra e pedra pelo DER-RJ. Ao Governo Municipal caber\u00e1 a usinagem, transporte e aplica\u00e7\u00e3o do concreto betuminoso usinado a quente \u2013 CBUQ (asfalto quente). \u201cA demanda existente \u00e9 grande. Por isso, a princ\u00edpio, ser\u00e3o mais de 80 vias beneficiadas com pavimenta\u00e7\u00e3o asf\u00e1ltica de qualidade e de maior durabilidade\u201d, frisa Hingo Hammes.<\/p>\n\n\n\n<p>A secret\u00e1ria de Servi\u00e7os, Seguran\u00e7a e Ordem P\u00fablica, Karina Bronzo e o subsecret\u00e1rio de Obras, Ericson Couto Lobato, tamb\u00e9m participaram da reuni\u00e3o, assim como Cledson Sampaio Bitencourt e Alexandre de Carvalho J\u00fanior, Vice-presidente e Chefe de Gabinete do DER-RJ, respectivamente.<\/p>\n\n\n\n<p>Em paralelo, segundo o prefeito interino, ficou acertada a elabora\u00e7\u00e3o de outro plano de trabalho para o envio de insumos para a fabrica\u00e7\u00e3o de asfalto frio. Este ser\u00e1 utilizado nas opera\u00e7\u00f5es de tapa buracos. \u201cEssas a\u00e7\u00f5es s\u00e3o importantes e garantem mais seguran\u00e7a aos motoristas\u201d, explicou o prefeito.<\/p>\n\n\n\n<p>Na reuni\u00e3o, o chefe do Executivo pediu ainda que sejam intensificadas as interven\u00e7\u00f5es na Serra Velha da Estrela e limpeza, com capina e ro\u00e7ada, do trecho entre Pedro do Rio e Secret\u00e1rio, que \u00e9 de jurisdi\u00e7\u00e3o do \u00f3rg\u00e3o estadual. \u201cEsse encontro foi uma oportunidade de estreitarmos a rela\u00e7\u00e3o com o DER, esclarecer d\u00favidas e apresentarmos novas demandas\u201d, disse o prefeito Hingo Hammes.<\/p>\n","protected":false},"excerpt":{"rendered":"<p>O prefeito interino Hingo Hammes se reuniu na manh\u00e3 desta segunda-feira (26), com o presidente<\/p>\n","protected":false},"author":2,"featured_media":13515,"comment_status":"open","ping_status":"open","sticky":false,"template":"","format":"standard","meta":{"footnotes":""},"categories":[12],"tags":[],"class_list":["post-13514","post","type-post","status-publish","format-standard","has-post-thumbnail","hentry","category-cidade"],"_links":{"self":[{"href":"https:\/\/tvc16.com\/portal\/wp-json\/wp\/v2\/posts\/13514","targetHints":{"allow":["GET"]}}],"collection":[{"href":"https:\/\/tvc16.com\/portal\/wp-json\/wp\/v2\/posts"}],"about":[{"href":"https:\/\/tvc16.com\/portal\/wp-json\/wp\/v2\/types\/post"}],"author":[{"embeddable":true,"href":"https:\/\/tvc16.com\/portal\/wp-json\/wp\/v2\/users\/2"}],"replies":[{"embeddable":true,"href":"https:\/\/tvc16.com\/portal\/wp-json\/wp\/v2\/comments?post=13514"}],"version-history":[{"count":1,"href":"https:\/\/tvc16.com\/portal\/wp-json\/wp\/v2\/posts\/13514\/revisions"}],"predecessor-version":[{"id":13516,"href":"https:\/\/tvc16.com\/portal\/wp-json\/wp\/v2\/posts\/13514\/revisions\/13516"}],"wp:featuredmedia":[{"embeddable":true,"href":"https:\/\/tvc16.com\/portal\/wp-json\/wp\/v2\/media\/13515"}],"wp:attachment":[{"href":"https:\/\/tvc16.com\/portal\/wp-json\/wp\/v2\/media?parent=13514"}],"wp:term":[{"taxonomy":"category","embeddable":true,"href":"https:\/\/tvc16.com\/portal\/wp-json\/wp\/v2\/categories?post=13514"},{"taxonomy":"post_tag","embeddable":true,"href":"https:\/\/tvc16.com\/portal\/wp-json\/wp\/v2\/tags?post=13514"}],"curies":[{"name":"wp","href":"https:\/\/api.w.org\/{rel}","templated":true}]}}