{"id":1352,"date":"2020-09-26T17:58:07","date_gmt":"2020-09-26T17:58:07","guid":{"rendered":"https:\/\/tvc16.com\/portal\/?p=1352"},"modified":"2020-09-27T20:22:27","modified_gmt":"2020-09-27T20:22:27","slug":"bolsonaro-recebe-alta-apos-cirurgia-para-retirada-de-calculo-na-bexiga","status":"publish","type":"post","link":"https:\/\/tvc16.com\/portal\/2020\/09\/26\/bolsonaro-recebe-alta-apos-cirurgia-para-retirada-de-calculo-na-bexiga\/","title":{"rendered":"Bolsonaro recebe alta ap\u00f3s cirurgia"},"content":{"rendered":"\n<h4 class=\"wp-block-heading\">Por Luciano Nascimento &#8211; Rep\u00f3rter da Ag\u00eancia Brasil &#8211; Bras\u00edlia<\/h4>\n\n\n\n<p>Depois de passar por cirurgia para retirada de c\u00e1lculo na bexiga, o&nbsp;Presidente da Rep\u00fablica Jair Bolsonaro&nbsp;recebeu alta do Hospital Israelita Albert Einstein no in\u00edcio da tarde de&nbsp;hoje&nbsp;(26). Segundo boletim divulgado pelo hospital, Bolsonaro recebeu alta hospitalar \u00e0s 13h30. De acordo com a Secretaria Especial de Comunica\u00e7\u00e3o Social do Minist\u00e9rio das Comunica\u00e7\u00f5es, Bolsonaro desembarca em Bras\u00edlia ainda neste&nbsp;s\u00e1bado.<img decoding=\"async\" src=\"https:\/\/agenciabrasil.ebc.com.br\/ebc.png?id=1389040&amp;o=node\"><img decoding=\"async\" src=\"https:\/\/agenciabrasil.ebc.com.br\/ebc.gif?id=1389040&amp;o=node\"><\/p>\n\n\n\n<p>&#8220;O Presidente da Rep\u00fablica Jair Bolsonaro, internado desde a manh\u00e3 desta&nbsp;sexta-feira (25), no Hospital Israelita Albert Einstein, recebeu alta hospitalar nesta tarde \u00e0s 13h30&#8221;, disse o&nbsp;boletim assinado pelos m\u00e9dicos Leandro Santini Echenique, cardiologista, Leonardo Lima Borges, urologista, e Miguel Cendoroglo, Diretor-Superintendente do Hospital Israelita Albert Einstein.<\/p>\n\n\n\n<p>Bolsonaro&nbsp;<a href=\"https:\/\/agenciabrasil.ebc.com.br\/politica\/noticia\/2020-09\/presidente-jair-bolsonaro-esta-sem-febre-ou-dor-apos-cirurgia\" target=\"_blank\" rel=\"noreferrer noopener\">estava internado&nbsp;<\/a>desde a manh\u00e3 desta sexta-feira (25) no hospital, onde se submeteu a uma cirurgia para retirada de c\u00e1lculo na bexiga. Boletim m\u00e9dico divulgado&nbsp;hoje&nbsp;pela manh\u00e3 informou que foi retirada a sonda para que ele urine normalmente.<\/p>\n\n\n\n<p>&#8220;O Excelent\u00edssimo Presidente da Rep\u00fablica Jair Bolsonaro segue com \u00f3tima evolu\u00e7\u00e3o cl\u00ednica e sem complica\u00e7\u00f5es cir\u00fargicas. N\u00e3o apresenta sangramentos e est\u00e1 afebril. Foi retirada a sonda vesical para que ele urine espontaneamente. O paciente est\u00e1 recebendo hidrata\u00e7\u00e3o oral e caminhando fora do quarto&#8221;,&nbsp;<a rel=\"noreferrer noopener\" href=\"https:\/\/agenciabrasil.ebc.com.br\/politica\/noticia\/2020-09\/bolsonaro-continua-apresentando-otima-evolucao-clinica\" target=\"_blank\">disse o boletim<\/a>.<\/p>\n\n\n\n<p>Edi\u00e7\u00e3o: Aline Leal<\/p>\n","protected":false},"excerpt":{"rendered":"<p>Por Luciano Nascimento &#8211; Rep\u00f3rter da Ag\u00eancia Brasil &#8211; Bras\u00edlia Depois de passar por cirurgia<\/p>\n","protected":false},"author":2,"featured_media":1353,"comment_status":"open","ping_status":"open","sticky":false,"template":"","format":"standard","meta":{"footnotes":""},"categories":[15],"tags":[],"class_list":["post-1352","post","type-post","status-publish","format-standard","has-post-thumbnail","hentry","category-politica"],"_links":{"self":[{"href":"https:\/\/tvc16.com\/portal\/wp-json\/wp\/v2\/posts\/1352","targetHints":{"allow":["GET"]}}],"collection":[{"href":"https:\/\/tvc16.com\/portal\/wp-json\/wp\/v2\/posts"}],"about":[{"href":"https:\/\/tvc16.com\/portal\/wp-json\/wp\/v2\/types\/post"}],"author":[{"embeddable":true,"href":"https:\/\/tvc16.com\/portal\/wp-json\/wp\/v2\/users\/2"}],"replies":[{"embeddable":true,"href":"https:\/\/tvc16.com\/portal\/wp-json\/wp\/v2\/comments?post=1352"}],"version-history":[{"count":2,"href":"https:\/\/tvc16.com\/portal\/wp-json\/wp\/v2\/posts\/1352\/revisions"}],"predecessor-version":[{"id":1389,"href":"https:\/\/tvc16.com\/portal\/wp-json\/wp\/v2\/posts\/1352\/revisions\/1389"}],"wp:featuredmedia":[{"embeddable":true,"href":"https:\/\/tvc16.com\/portal\/wp-json\/wp\/v2\/media\/1353"}],"wp:attachment":[{"href":"https:\/\/tvc16.com\/portal\/wp-json\/wp\/v2\/media?parent=1352"}],"wp:term":[{"taxonomy":"category","embeddable":true,"href":"https:\/\/tvc16.com\/portal\/wp-json\/wp\/v2\/categories?post=1352"},{"taxonomy":"post_tag","embeddable":true,"href":"https:\/\/tvc16.com\/portal\/wp-json\/wp\/v2\/tags?post=1352"}],"curies":[{"name":"wp","href":"https:\/\/api.w.org\/{rel}","templated":true}]}}