{"id":13521,"date":"2021-04-27T09:28:57","date_gmt":"2021-04-27T12:28:57","guid":{"rendered":"https:\/\/tvc16.com\/portal\/?p=13521"},"modified":"2021-04-27T09:28:59","modified_gmt":"2021-04-27T12:28:59","slug":"mesa-brasil-sesc-rj-distribui-2-toneladas-de-alimentos-em-petropolis-nesta-terca-feira","status":"publish","type":"post","link":"https:\/\/tvc16.com\/portal\/2021\/04\/27\/mesa-brasil-sesc-rj-distribui-2-toneladas-de-alimentos-em-petropolis-nesta-terca-feira\/","title":{"rendered":"Mesa Brasil Sesc RJ distribui 2 toneladas de alimentos em Petr\u00f3polis nesta ter\u00e7a-feira"},"content":{"rendered":"\n<p><em>Munic\u00edpio serrano \u00e9 um dos 22 atendidos por doa\u00e7\u00e3o de 50 toneladas de alimentos que ser\u00e3o destinadas a pessoas em vulnerabilidade social. Agenda de distribui\u00e7\u00e3o integra a campanha Rio de M\u00e3os Dadas e tem como objetivo mitigar os efeitos econ\u00f4micos da Covid-19<\/em>.<\/p>\n\n\n\n<p>O programa de seguran\u00e7a alimentar e nutricional Mesa Brasil Sesc RJ distribuir\u00e1 nesta\u00a0<strong>ter\u00e7a-feira (27\/4)<\/strong>\u00a02 toneladas de alimentos para pessoas em situa\u00e7\u00e3o de vulnerabilidade social de Petr\u00f3polis, em uma a\u00e7\u00e3o que conta com o apoio do Sindicato do Com\u00e9rcio Varejista (Sicom\u00e9rcio). Isso \u00e9 parte de um montante de 50 toneladas que ser\u00e3o doadas em 22 munic\u00edpios do estado, beneficiando cerca de 26 mil pessoas.<\/p>\n\n\n\n<p>O conte\u00fado das doa\u00e7\u00f5es s\u00e3o cestas de hortifrutigranjeiros (frutas, verduras e legumes) oriundos de propriedades rurais que integram o Mesa no Campo. Por meio do projeto, os produtores fornecem seus excedentes \u2013 alimentos em perfeito estado e com alto valor nutritivo, mas pouco aproveitamento comercial &#8211; ao Mesa Brasil Sesc RJ. O programa, por sua vez, os repassa para entidades socioassistenciais cadastradas, que fazem a distribui\u00e7\u00e3o ao p\u00fablico final.<\/p>\n\n\n\n<p>A a\u00e7\u00e3o integra a campanha Rio de M\u00e3os Dadas, conjunto de iniciativas do Sistema Fecom\u00e9rcio RJ (Sesc RJ e Senac RJ) que visam a envolver as pessoas em um clima de positividade e esperan\u00e7a em 2021.<\/p>\n\n\n\n<p>\u201cEssa agenda de distribui\u00e7\u00e3o de alimentos tem como objetivo fazer frente ao cen\u00e1rio que estamos vivendo nesses primeiros meses do ano. Al\u00e9m da queda nas doa\u00e7\u00f5es recebidas por ONGs e outras entidades, h\u00e1 um crescimento no n\u00famero de pessoas que perderam suas fontes de renda por conta do recrudescimento da pandemia da Covid-19 e as medidas restritivas adotadas para conter a propaga\u00e7\u00e3o do v\u00edrus. O Sistema Fecom\u00e9rcio RJ, por meio do programa Mesa Brasil Sesc RJ, tem o compromisso de ajudar essas pessoas, muitas delas trabalhadores do com\u00e9rcio de bens, servi\u00e7os e turismo\u201d, diz o presidente do Sistema Fecom\u00e9rcio RJ, Antonio Florencio de Queiroz Junior.&nbsp;<\/p>\n\n\n\n<p>O presidente do Sicom\u00e9rcio Petr\u00f3polis, Marcelo Fiorini, acredita que este tipo de parceria \u00e9 necess\u00e1rio para diminuir o impacto que a pandemia causou: \u201cA cidade de Petr\u00f3polis foi afetada severamente pela crise sanit\u00e1ria, n\u00e3o s\u00f3 no aspecto da sa\u00fade, mas tamb\u00e9m econ\u00f4mico. O setor tur\u00edstico, que \u00e9 um dos motores da nossa economia, ficou durante muitos meses praticamente paralisado, resultando em desemprego e sofrimento para muitas fam\u00edlias. O com\u00e9rcio tamb\u00e9m vem sobrevivendo depois do fechamento de oportunidades de trabalho. Ao atender nosso pedido trazendo o Mesa Brasil Sesc para o munic\u00edpio, o presidente Antonio Florencio de Queiroz Junior refor\u00e7a o compromisso que temos com a sociedade\u201d, salienta Fiorini.<\/p>\n\n\n\n<p><strong>Retomada da confian\u00e7a<\/strong><\/p>\n\n\n\n<p>Al\u00e9m das doa\u00e7\u00f5es, a campanha Rio de M\u00e3os Dadas engloba uma s\u00e9rie de a\u00e7\u00f5es, com participa\u00e7\u00e3o dos setores p\u00fablico e privado, para incentivar a retomada da confian\u00e7a dos fluminenses, sob o impacto dos efeitos da pandemia de Covid. Ao longo do ano, est\u00e3o previstas iniciativas como interven\u00e7\u00f5es urbanas, exposi\u00e7\u00f5es itinerantes, maratonas virtuais, iniciativas voltadas para empres\u00e1rios, cursos adaptados ao \u201cnovo normal\u201d, entre outras. A campanha \u00e9 simbolizada por esculturas em formato de m\u00e3os que se unem, representando a esperan\u00e7a da retomada de contatos, planos e afetos. Com 2 metros de altura e personalizadas por dez artistas, as obras foram expostas em v\u00e1rios pontos da capital do Rio de Janeiro e depois seguir\u00e3o para o interior do estado.<\/p>\n\n\n\n<p><strong>Saiba mais sobre o Mesa Brasil Sesc RJ<\/strong>&nbsp;\u2013 O Mesa Brasil Sesc RJ atua no combate \u00e0 fome e ao desperd\u00edcio, recolhendo doa\u00e7\u00f5es de alimentos n\u00e3o perec\u00edveis e in natura de empresas e organiza\u00e7\u00f5es e os distribuindo a institui\u00e7\u00f5es sociais cadastradas, como creches, abrigos, asilos, etc. Al\u00e9m disso, orienta os cozinheiros dessas entidades a aproveitarem integralmente os alimentos, utilizando de forma criativa e saborosa partes que tradicionalmente s\u00e3o descartadas. O programa atua ainda em situa\u00e7\u00f5es de calamidade, como desastres naturais. S\u00f3 em 2020, o programa distribuiu 2,1 mil toneladas em 49 munic\u00edpios do estado.<\/p>\n\n\n\n<p><strong>Agenda de doa\u00e7\u00f5es nos munic\u00edpios<\/strong><\/p>\n\n\n\n<p>13\/04 &#8211; Teres\u00f3polis<\/p>\n\n\n\n<p>22\/04 \u2013 Nova Friburgo<\/p>\n\n\n\n<p>27\/04 \u2013 Petr\u00f3polis<\/p>\n\n\n\n<p>28\/04 \u2013 S\u00e3o Jo\u00e3o de Meriti<\/p>\n\n\n\n<p>29\/04 \u2013 Nil\u00f3polis<\/p>\n\n\n\n<p>04\/05 \u2013 Nova Igua\u00e7u<\/p>\n\n\n\n<p>05\/05 \u2013 Caxias<\/p>\n\n\n\n<p>06\/05 \u2013 Miguel Pereira<\/p>\n\n\n\n<p>11\/05 \u2013 Niter\u00f3i<\/p>\n\n\n\n<p>12\/05 \u2013 S\u00e3o Gon\u00e7alo<\/p>\n\n\n\n<p>13\/05 \u2013 Volta Redonda<\/p>\n\n\n\n<p>18\/05 \u2013 Barra Mansa<\/p>\n\n\n\n<p>19\/05 \u2013 Tr\u00eas Rios<\/p>\n\n\n\n<p>20\/05 \u2013 Angra<\/p>\n\n\n\n<p>25\/05 \u2013 Valen\u00e7a<\/p>\n\n\n\n<p>26\/05 \u2013 Barra do Pira\u00ed<\/p>\n\n\n\n<p>27\/05 \u2013 Itaperuna<\/p>\n\n\n\n<p>01\/06 \u2013 Cabo Frio<\/p>\n\n\n\n<p>08\/06 \u2013 Rio das Ostras e Maca\u00e9<\/p>\n\n\n\n<p>09\/06 \u2013 Concei\u00e7\u00e3o de Macabu<\/p>\n\n\n\n<p>10\/06 \u2013 Rio de Janeiro<\/p>\n","protected":false},"excerpt":{"rendered":"<p>Munic\u00edpio serrano \u00e9 um dos 22 atendidos por doa\u00e7\u00e3o de 50 toneladas de alimentos que<\/p>\n","protected":false},"author":2,"featured_media":13522,"comment_status":"open","ping_status":"open","sticky":false,"template":"","format":"standard","meta":{"footnotes":""},"categories":[12],"tags":[],"class_list":["post-13521","post","type-post","status-publish","format-standard","has-post-thumbnail","hentry","category-cidade"],"_links":{"self":[{"href":"https:\/\/tvc16.com\/portal\/wp-json\/wp\/v2\/posts\/13521","targetHints":{"allow":["GET"]}}],"collection":[{"href":"https:\/\/tvc16.com\/portal\/wp-json\/wp\/v2\/posts"}],"about":[{"href":"https:\/\/tvc16.com\/portal\/wp-json\/wp\/v2\/types\/post"}],"author":[{"embeddable":true,"href":"https:\/\/tvc16.com\/portal\/wp-json\/wp\/v2\/users\/2"}],"replies":[{"embeddable":true,"href":"https:\/\/tvc16.com\/portal\/wp-json\/wp\/v2\/comments?post=13521"}],"version-history":[{"count":1,"href":"https:\/\/tvc16.com\/portal\/wp-json\/wp\/v2\/posts\/13521\/revisions"}],"predecessor-version":[{"id":13523,"href":"https:\/\/tvc16.com\/portal\/wp-json\/wp\/v2\/posts\/13521\/revisions\/13523"}],"wp:featuredmedia":[{"embeddable":true,"href":"https:\/\/tvc16.com\/portal\/wp-json\/wp\/v2\/media\/13522"}],"wp:attachment":[{"href":"https:\/\/tvc16.com\/portal\/wp-json\/wp\/v2\/media?parent=13521"}],"wp:term":[{"taxonomy":"category","embeddable":true,"href":"https:\/\/tvc16.com\/portal\/wp-json\/wp\/v2\/categories?post=13521"},{"taxonomy":"post_tag","embeddable":true,"href":"https:\/\/tvc16.com\/portal\/wp-json\/wp\/v2\/tags?post=13521"}],"curies":[{"name":"wp","href":"https:\/\/api.w.org\/{rel}","templated":true}]}}