{"id":13527,"date":"2021-04-27T09:40:50","date_gmt":"2021-04-27T12:40:50","guid":{"rendered":"https:\/\/tvc16.com\/portal\/?p=13527"},"modified":"2021-04-27T09:40:52","modified_gmt":"2021-04-27T12:40:52","slug":"pontos-de-vacinacao-serao-alterados-para-atender-publico-maior","status":"publish","type":"post","link":"https:\/\/tvc16.com\/portal\/2021\/04\/27\/pontos-de-vacinacao-serao-alterados-para-atender-publico-maior\/","title":{"rendered":"Pontos de vacina\u00e7\u00e3o ser\u00e3o alterados para atender p\u00fablico maior"},"content":{"rendered":"\n<p>Postos do Morin, Quitandinha e Bingen ser\u00e3o remanejados para novos endere\u00e7os<\/p>\n\n\n\n<p>Com a abertura de agendamento para vacina\u00e7\u00e3o de idosos a partir de 60 anos nesta segunda-feira (26\/04), a Secretaria de Sa\u00fade est\u00e1 alterando alguns locais de vacina\u00e7\u00e3o para atender a demanda maior de p\u00fablico a ser vacinado. Pontos de vacina\u00e7\u00e3o que hoje funcionam nas Unidades B\u00e1sicas de Sa\u00fade do Morin e do Quitandinha, ser\u00e3o redirecionados para locais com maior capacidade de atendimento dentro da mesma regi\u00e3o. As altera\u00e7\u00f5es valem para idosos com agendamentos para receber tanto a primeira quanto a segunda dose da vacina.<\/p>\n\n\n\n<p>Os novos espa\u00e7os estar\u00e3o funcionando a partir de quarta-feira (28\/04). O drive thru do Bingen tamb\u00e9m ser\u00e1 remanejado para um novo local com estrutura mais adequada para atendimento em dias de chuva. Este \u00faltimo ainda est\u00e1 sendo definido e ser\u00e1 anunciado nos pr\u00f3ximos dias.<\/p>\n\n\n\n<p>\u201cA medida em que vamos avan\u00e7ando com a vacina\u00e7\u00e3o para atendermos faixas et\u00e1rias mais baixas, o p\u00fablico a ser atendido vai ficando maior. Com isso, \u00e9 necess\u00e1rio que a estrutura seja adequada para que a vacina\u00e7\u00e3o continue sendo feita de forma organizada\u201d, explica o secret\u00e1rio de Sa\u00fade Aloisio Barbosa da Silva Filho.<\/p>\n\n\n\n<p>Com a mudan\u00e7a, idosos agendados para a UBS Quitandinha passar\u00e3o a ser atendidos na Casa de Portugal, na Rua General Rondon 715 \u2013 Quitandinha. J\u00e1 os agendamentos feitos para a UBS do Morin ser\u00e3o redirecionados para o ponto de drive thru do Hipershopping, no Alto da Serra, que ter\u00e1 a equipe refor\u00e7ada para atender um p\u00fablico maior.<\/p>\n\n\n\n<p>At\u00e9 domingo (25\/04), 52.269 pessoas receberam a primeira dose da vacina e, destas, 20.436 completaram o ciclo de vacina\u00e7\u00e3o recebendo a segunda dose. A vacina\u00e7\u00e3o vem sendo feita em 10 pontos distribu\u00eddos nos cinco distritos.<\/p>\n\n\n\n<p>\u201cTemos hoje mais de 52 mil pessoas j\u00e1 vacinadas, \u00edndices de vacina\u00e7\u00e3o acima da m\u00e9dia nacional, e 97,5% de idosos que completaram o ciclo de vacina\u00e7\u00e3o recebendo as duas doses, o que \u00e9 extremamente positivo. Todos os esfor\u00e7os v\u00eam sendo feitos pela Secretaria de Sa\u00fade para que a vacina\u00e7\u00e3o avance de forma organizada na cidade. A reorganiza\u00e7\u00e3o dos espa\u00e7os para atender a demanda maior, assim como o cadastramento para a vacina\u00e7\u00e3o t\u00eam este objetivo\u201d, destaca o prefeito interino Hingo Hammes.<\/p>\n\n\n\n<p>Nesta segunda-feira (26\/04), a Secretaria de Sa\u00fade iniciou o cadastro para vacina\u00e7\u00e3o de idosos com mais de 60 anos \u2013 p\u00fablico que come\u00e7a a ser vacinado no dia 29. A demanda de cadastramento para esta faixa et\u00e1ria est\u00e1 grande. Dados da Secretaria de Sa\u00fade mostram que somente na parte da manh\u00e3, entre 7h30 e 12h, 2.696 pessoas j\u00e1 haviam se cadastrado para receber a primeira dose.<\/p>\n","protected":false},"excerpt":{"rendered":"<p>Postos do Morin, Quitandinha e Bingen ser\u00e3o remanejados para novos endere\u00e7os Com a abertura de<\/p>\n","protected":false},"author":2,"featured_media":13528,"comment_status":"open","ping_status":"open","sticky":false,"template":"","format":"standard","meta":{"footnotes":""},"categories":[12],"tags":[],"class_list":["post-13527","post","type-post","status-publish","format-standard","has-post-thumbnail","hentry","category-cidade"],"_links":{"self":[{"href":"https:\/\/tvc16.com\/portal\/wp-json\/wp\/v2\/posts\/13527","targetHints":{"allow":["GET"]}}],"collection":[{"href":"https:\/\/tvc16.com\/portal\/wp-json\/wp\/v2\/posts"}],"about":[{"href":"https:\/\/tvc16.com\/portal\/wp-json\/wp\/v2\/types\/post"}],"author":[{"embeddable":true,"href":"https:\/\/tvc16.com\/portal\/wp-json\/wp\/v2\/users\/2"}],"replies":[{"embeddable":true,"href":"https:\/\/tvc16.com\/portal\/wp-json\/wp\/v2\/comments?post=13527"}],"version-history":[{"count":1,"href":"https:\/\/tvc16.com\/portal\/wp-json\/wp\/v2\/posts\/13527\/revisions"}],"predecessor-version":[{"id":13529,"href":"https:\/\/tvc16.com\/portal\/wp-json\/wp\/v2\/posts\/13527\/revisions\/13529"}],"wp:featuredmedia":[{"embeddable":true,"href":"https:\/\/tvc16.com\/portal\/wp-json\/wp\/v2\/media\/13528"}],"wp:attachment":[{"href":"https:\/\/tvc16.com\/portal\/wp-json\/wp\/v2\/media?parent=13527"}],"wp:term":[{"taxonomy":"category","embeddable":true,"href":"https:\/\/tvc16.com\/portal\/wp-json\/wp\/v2\/categories?post=13527"},{"taxonomy":"post_tag","embeddable":true,"href":"https:\/\/tvc16.com\/portal\/wp-json\/wp\/v2\/tags?post=13527"}],"curies":[{"name":"wp","href":"https:\/\/api.w.org\/{rel}","templated":true}]}}