{"id":13530,"date":"2021-04-27T11:06:12","date_gmt":"2021-04-27T14:06:12","guid":{"rendered":"https:\/\/tvc16.com\/portal\/?p=13530"},"modified":"2021-04-27T11:10:47","modified_gmt":"2021-04-27T14:10:47","slug":"trio-acusado-de-fazer-parte-da-faccao-criminosa-comando-vermelho-e-preso-no-bela-vista","status":"publish","type":"post","link":"https:\/\/tvc16.com\/portal\/2021\/04\/27\/trio-acusado-de-fazer-parte-da-faccao-criminosa-comando-vermelho-e-preso-no-bela-vista\/","title":{"rendered":"Trio acusado de fazer parte da fac\u00e7\u00e3o criminosa Comando Vermelho \u00e9 preso no Bela Vista"},"content":{"rendered":"\n<p>Uma mulher, de 38 anos, e dois homens de 28 e 30 anos, foram presos nesta segunda-feira (26), em Petr\u00f3polis, em uma a\u00e7\u00e3o conjunta das Pol\u00edcias Militar e Civil, na Rua Marcolino Sim\u00f5es Ferreira, no Bela Vista. Os agentes chegaram ao endere\u00e7o ap\u00f3s cruzarem informa\u00e7\u00f5es sobre uma nova frente da articula\u00e7\u00e3o do tr\u00e1fico de drogas na regi\u00e3o, promovida pelo atual l\u00edder que est\u00e1 preso. No im\u00f3vel em que eles estavam foram apreendidas 41 c\u00e1psulas de coca\u00edna, 20 tabletes de maconha e R$ 110 em dinheiro.<\/p>\n\n\n\n<p>De acordo com a PM, o homem identificado como sendo l\u00edder da fac\u00e7\u00e3o criminosa \u201cComando Vermelho\u201d enviou a acusada, que \u00e9 moradora de Rio das Ostras, ao bairro, para que junto com os outros suspeitos, pudesse gerenciar e fortalecer a venda de drogas no local. Todos foram presos em flagrante e levados para a 105\u00aa Delegacia de Pol\u00edcia, no Retiro, onde foram autuados por tr\u00e1fico de drogas e associa\u00e7\u00e3o pelo mesmo crime. O grupo permaneceu detido.<\/p>\n","protected":false},"excerpt":{"rendered":"<p>Uma mulher, de 38 anos, e dois homens de 28 e 30 anos, foram presos<\/p>\n","protected":false},"author":2,"featured_media":13531,"comment_status":"open","ping_status":"open","sticky":false,"template":"","format":"standard","meta":{"footnotes":""},"categories":[12],"tags":[],"class_list":["post-13530","post","type-post","status-publish","format-standard","has-post-thumbnail","hentry","category-cidade"],"_links":{"self":[{"href":"https:\/\/tvc16.com\/portal\/wp-json\/wp\/v2\/posts\/13530","targetHints":{"allow":["GET"]}}],"collection":[{"href":"https:\/\/tvc16.com\/portal\/wp-json\/wp\/v2\/posts"}],"about":[{"href":"https:\/\/tvc16.com\/portal\/wp-json\/wp\/v2\/types\/post"}],"author":[{"embeddable":true,"href":"https:\/\/tvc16.com\/portal\/wp-json\/wp\/v2\/users\/2"}],"replies":[{"embeddable":true,"href":"https:\/\/tvc16.com\/portal\/wp-json\/wp\/v2\/comments?post=13530"}],"version-history":[{"count":2,"href":"https:\/\/tvc16.com\/portal\/wp-json\/wp\/v2\/posts\/13530\/revisions"}],"predecessor-version":[{"id":13533,"href":"https:\/\/tvc16.com\/portal\/wp-json\/wp\/v2\/posts\/13530\/revisions\/13533"}],"wp:featuredmedia":[{"embeddable":true,"href":"https:\/\/tvc16.com\/portal\/wp-json\/wp\/v2\/media\/13531"}],"wp:attachment":[{"href":"https:\/\/tvc16.com\/portal\/wp-json\/wp\/v2\/media?parent=13530"}],"wp:term":[{"taxonomy":"category","embeddable":true,"href":"https:\/\/tvc16.com\/portal\/wp-json\/wp\/v2\/categories?post=13530"},{"taxonomy":"post_tag","embeddable":true,"href":"https:\/\/tvc16.com\/portal\/wp-json\/wp\/v2\/tags?post=13530"}],"curies":[{"name":"wp","href":"https:\/\/api.w.org\/{rel}","templated":true}]}}